{"id":42890,"date":"2026-05-01T08:48:00","date_gmt":"2026-05-01T11:48:00","guid":{"rendered":"https:\/\/diariodocomercio.com.br\/mix\/?p=42890"},"modified":"2026-04-22T18:12:10","modified_gmt":"2026-04-22T21:12:10","slug":"enquanto-salario-minimo-no-brasil-e-r-1-621-na-espanha-o-valor-impressiona","status":"publish","type":"post","link":"https:\/\/diariodocomercio.com.br\/mix\/enquanto-salario-minimo-no-brasil-e-r-1-621-na-espanha-o-valor-impressiona\/","title":{"rendered":"Enquanto sal\u00e1rio m\u00ednimo no Brasil \u00e9 R$ 1.621, na Espanha o valor impressiona"},"content":{"rendered":"\n<p>A <strong>Espanha <\/strong>confirmou um aumento de 66% no sal\u00e1rio m\u00ednimo, que atingir\u00e1 <strong>1.221 euros<\/strong> (cerca de R$ 7.127) mensais at\u00e9 2026. O governo, em coopera\u00e7\u00e3o com os sindicatos, tomou<strong> <\/strong>essa decis\u00e3o para melhorar as condi\u00e7\u00f5es econ\u00f4micas dos trabalhadores no pa\u00eds.<\/p>\n\n\n\n<p>Este aumento, retroativo a janeiro de 2026, impacta cerca de 2,5 milh\u00f5es de trabalhadores, principalmente em setores com predomin\u00e2ncia feminina.<\/p>\n\n\n\n<p>O acordo visa alinhar o sal\u00e1rio m\u00ednimo a 60% do sal\u00e1rio m\u00e9dio nacional. Em 2018, era de 735,6 euros mensais. Desde ent\u00e3o, o valor vem sendo ajustado para melhor refletir as condi\u00e7\u00f5es econ\u00f4micas. Representantes de empresas manifestaram preocupa\u00e7\u00e3o com o impacto financeiro nas pequenas e m\u00e9dias empresas.<\/p>\n\n\n\n<h2 class=\"wp-block-heading\">Rea\u00e7\u00f5es<\/h2>\n\n\n\n<p>Enquanto sindicatos apoiam a medida, associa\u00e7\u00f5es patronais expressaram descontentamento. As negocia\u00e7\u00f5es enfrentam resist\u00eancia devido \u00e0s potenciais dificuldades financeiras para o setor empresarial.<\/p>\n\n\n\n<p>No entanto, o governo defende que a economia do pa\u00eds est\u00e1 robusta o suficiente para suportar o aumento, destacando um crescimento econ\u00f4mico superior \u00e0 m\u00e9dia europeia.<\/p>\n\n\n\n<h2 class=\"wp-block-heading\">Economia da Espanha&nbsp;<\/h2>\n\n\n\n<p>A Espanha registrou uma taxa de desemprego inferior a 10%, a primeira vez desde o in\u00edcio do s\u00e9culo. Este indicador reflete a melhoria nas condi\u00e7\u00f5es de emprego.<\/p>\n\n\n\n<p>No entanto, h\u00e1 um debate cont\u00ednuo sobre o impacto do aumento do sal\u00e1rio m\u00ednimo na economia a longo prazo, considerando poss\u00edveis ajustes necess\u00e1rios para manter a sustentabilidade econ\u00f4mica.<\/p>\n\n\n\n<p>Este reajuste no sal\u00e1rio m\u00ednimo tem isen\u00e7\u00e3o de impostos sobre o rendimento, alinhando-se \u00e0 pol\u00edtica do governo de aumentar a qualidade de vida sem sobrecarregar os cidad\u00e3os. A expectativa \u00e9 que ele reduza desigualdades de g\u00eanero e regionais.<\/p>\n","protected":false},"excerpt":{"rendered":"<p>A Espanha confirmou um aumento de 66% no sal\u00e1rio m\u00ednimo.<\/p>\n","protected":false},"author":12,"featured_media":10888,"comment_status":"closed","ping_status":"closed","sticky":false,"template":"","format":"standard","meta":{"jnews-multi-image_gallery":[],"jnews_single_post":{"format":"standard"},"jnews_primary_category":[],"jnews_social_meta":[],"jnews_override_counter":[],"jnews_post_split":[],"footnotes":""},"categories":[1],"tags":[],"class_list":["post-42890","post","type-post","status-publish","format-standard","has-post-thumbnail","hentry","category-geral"],"_referencia":"","_links":{"self":[{"href":"https:\/\/diariodocomercio.com.br\/mix\/wp-json\/wp\/v2\/posts\/42890","targetHints":{"allow":["GET"]}}],"collection":[{"href":"https:\/\/diariodocomercio.com.br\/mix\/wp-json\/wp\/v2\/posts"}],"about":[{"href":"https:\/\/diariodocomercio.com.br\/mix\/wp-json\/wp\/v2\/types\/post"}],"author":[{"embeddable":true,"href":"https:\/\/diariodocomercio.com.br\/mix\/wp-json\/wp\/v2\/users\/12"}],"replies":[{"embeddable":true,"href":"https:\/\/diariodocomercio.com.br\/mix\/wp-json\/wp\/v2\/comments?post=42890"}],"version-history":[{"count":2,"href":"https:\/\/diariodocomercio.com.br\/mix\/wp-json\/wp\/v2\/posts\/42890\/revisions"}],"predecessor-version":[{"id":42892,"href":"https:\/\/diariodocomercio.com.br\/mix\/wp-json\/wp\/v2\/posts\/42890\/revisions\/42892"}],"wp:featuredmedia":[{"embeddable":true,"href":"https:\/\/diariodocomercio.com.br\/mix\/wp-json\/wp\/v2\/media\/10888"}],"wp:attachment":[{"href":"https:\/\/diariodocomercio.com.br\/mix\/wp-json\/wp\/v2\/media?parent=42890"}],"wp:term":[{"taxonomy":"category","embeddable":true,"href":"https:\/\/diariodocomercio.com.br\/mix\/wp-json\/wp\/v2\/categories?post=42890"},{"taxonomy":"post_tag","embeddable":true,"href":"https:\/\/diariodocomercio.com.br\/mix\/wp-json\/wp\/v2\/tags?post=42890"}],"curies":[{"name":"wp","href":"https:\/\/api.w.org\/{rel}","templated":true}]}}