{"id":42897,"date":"2026-04-26T10:01:00","date_gmt":"2026-04-26T13:01:00","guid":{"rendered":"https:\/\/diariodocomercio.com.br\/mix\/?p=42897"},"modified":"2026-04-22T18:37:23","modified_gmt":"2026-04-22T21:37:23","slug":"nubank-confirma-mudanca-de-nome-em-maio-e-brasileiros-sao-avisados-de-saida-em-julho","status":"publish","type":"post","link":"https:\/\/diariodocomercio.com.br\/mix\/nubank-confirma-mudanca-de-nome-em-maio-e-brasileiros-sao-avisados-de-saida-em-julho\/","title":{"rendered":"Nubank confirma mudan\u00e7a de nome em maio e brasileiros s\u00e3o avisados de sa\u00edda em julho"},"content":{"rendered":"\n<p>Desde o dia 10 de abril de 2026, o <strong>est\u00e1dio do Palmeiras <\/strong>deixou de ser oficialmente chamado de Allianz Parque. O banco digital Nubank assumiu os naming rights da arena e abriu uma vota\u00e7\u00e3o para que a torcida escolha o novo nome.<\/p>\n\n\n\n<p>As tr\u00eas op\u00e7\u00f5es dispon\u00edveis s\u00e3o Nubank Parque, Nubank Arena e Parque Nubank. A enquete ser\u00e1 encerrada no fim de abril, e o resultado est\u00e1 previsto para <strong>4 de maio<\/strong> de 2026. A mudan\u00e7a foi anunciada em cerim\u00f4nia realizada na pr\u00f3pria arena, que j\u00e1 exibe elementos visuais na cor roxa, marca registrada da fintech.<\/p>\n\n\n\n<p>O contrato anterior, firmado com a seguradora alem\u00e3 Allianz e com vig\u00eancia at\u00e9 2034, foi rescindido. A Allianz informou que a decis\u00e3o faz parte de uma nova estrat\u00e9gia de marketing local, embora a iniciativa do rompimento tenha partido da WTorre, gestora do est\u00e1dio.<\/p>\n\n\n\n<p>O Nubank assumiu o pagamento da multa e passar\u00e1 a pagar R$ 50 milh\u00f5es anuais \u00e0 WTorre, o dobro do valor que era pago pela seguradora. O novo acordo tem dura\u00e7\u00e3o at\u00e9 2044, data em que termina o direito de superf\u00edcie concedido \u00e0 construtora para explorar o im\u00f3vel.&nbsp;<\/p>\n\n\n\n<h2 class=\"wp-block-heading\">Troca da fachada&nbsp;<\/h2>\n\n\n\n<p>A troca da fachada ainda n\u00e3o foi conclu\u00edda. A Real Arenas, bra\u00e7o da WTorre respons\u00e1vel pela administra\u00e7\u00e3o do est\u00e1dio, protocolou pedido na Prefeitura de S\u00e3o Paulo para altera\u00e7\u00e3o do letreiro.<\/p>\n\n\n\n<p>O processo segue as exig\u00eancias da Lei Cidade Limpa, o que atrasou a instala\u00e7\u00e3o. O Nubank estima que o novo letreiro e toda a identidade visual da arena estejam <strong>conclu\u00eddos em julho de 2026<\/strong>, concluindo a <strong>sa\u00edda <\/strong>das marcas anteriores.<\/p>\n\n\n\n<p>Inaugurado em 2014, o Allianz Parque foi um dos primeiros est\u00e1dios brasileiros a vender naming rights. O nome da seguradora alem\u00e3 se consolidou ao longo dos anos, per\u00edodo em que a arena se valorizou por shows e t\u00edtulos importantes do Palmeiras.&nbsp;<\/p>\n","protected":false},"excerpt":{"rendered":"<p>Mudan\u00e7as foram confirmadas. Confira detalhes.<\/p>\n","protected":false},"author":12,"featured_media":27558,"comment_status":"closed","ping_status":"closed","sticky":false,"template":"","format":"standard","meta":{"jnews-multi-image_gallery":[],"jnews_single_post":{"format":"standard"},"jnews_primary_category":[],"jnews_social_meta":[],"jnews_override_counter":[],"jnews_post_split":[],"footnotes":""},"categories":[1],"tags":[],"class_list":["post-42897","post","type-post","status-publish","format-standard","has-post-thumbnail","hentry","category-geral"],"_referencia":"","_links":{"self":[{"href":"https:\/\/diariodocomercio.com.br\/mix\/wp-json\/wp\/v2\/posts\/42897","targetHints":{"allow":["GET"]}}],"collection":[{"href":"https:\/\/diariodocomercio.com.br\/mix\/wp-json\/wp\/v2\/posts"}],"about":[{"href":"https:\/\/diariodocomercio.com.br\/mix\/wp-json\/wp\/v2\/types\/post"}],"author":[{"embeddable":true,"href":"https:\/\/diariodocomercio.com.br\/mix\/wp-json\/wp\/v2\/users\/12"}],"replies":[{"embeddable":true,"href":"https:\/\/diariodocomercio.com.br\/mix\/wp-json\/wp\/v2\/comments?post=42897"}],"version-history":[{"count":1,"href":"https:\/\/diariodocomercio.com.br\/mix\/wp-json\/wp\/v2\/posts\/42897\/revisions"}],"predecessor-version":[{"id":42900,"href":"https:\/\/diariodocomercio.com.br\/mix\/wp-json\/wp\/v2\/posts\/42897\/revisions\/42900"}],"wp:featuredmedia":[{"embeddable":true,"href":"https:\/\/diariodocomercio.com.br\/mix\/wp-json\/wp\/v2\/media\/27558"}],"wp:attachment":[{"href":"https:\/\/diariodocomercio.com.br\/mix\/wp-json\/wp\/v2\/media?parent=42897"}],"wp:term":[{"taxonomy":"category","embeddable":true,"href":"https:\/\/diariodocomercio.com.br\/mix\/wp-json\/wp\/v2\/categories?post=42897"},{"taxonomy":"post_tag","embeddable":true,"href":"https:\/\/diariodocomercio.com.br\/mix\/wp-json\/wp\/v2\/tags?post=42897"}],"curies":[{"name":"wp","href":"https:\/\/api.w.org\/{rel}","templated":true}]}}