{"id":42952,"date":"2026-04-26T12:49:00","date_gmt":"2026-04-26T15:49:00","guid":{"rendered":"https:\/\/diariodocomercio.com.br\/mix\/?p=42952"},"modified":"2026-04-23T13:11:33","modified_gmt":"2026-04-23T16:11:33","slug":"ministro-e-afastado-por-denuncia-de-assedio-mas-segue-recebendo-r-100-mil-no-brasil","status":"publish","type":"post","link":"https:\/\/diariodocomercio.com.br\/mix\/ministro-e-afastado-por-denuncia-de-assedio-mas-segue-recebendo-r-100-mil-no-brasil\/","title":{"rendered":"Ministro \u00e9 afastado por den\u00fancia de ass\u00e9dio, mas segue recebendo R$ 100 mil no Brasil"},"content":{"rendered":"\n<p>Um ministro do Superior Tribunal de Justi\u00e7a (STJ) no Brasil, <strong>Marco Buzzi,<\/strong> foi afastado h\u00e1 dois meses devido a <strong>den\u00fancias de ass\u00e9dio sexual. <\/strong>Apesar disso, ele continua a receber remunera\u00e7\u00e3o integral, incluindo verbas indenizat\u00f3rias, com valores que chegam a <strong>R$ 100 mil mensais,<\/strong> segundo informa\u00e7\u00f5es do G1.<\/p>\n\n\n\n<p>As normas de 2024 do Conselho Nacional de Justi\u00e7a (CNJ) pro\u00edbem pagamentos al\u00e9m do sal\u00e1rio para magistrados afastados.<\/p>\n\n\n\n<p>O afastamento ocorreu em fevereiro de 2026. No mesmo m\u00eas, Buzzi recebeu R$ 132 mil, segundo o portal da transpar\u00eancia do STJ. Em mar\u00e7o, o valor foi de R$ 127 mil. Essas quantias incluem adicionais al\u00e9m do sal\u00e1rio, contrariando a decis\u00e3o do CNJ que visa limitar pagamentos a ju\u00edzes afastados por motivos disciplinares apenas ao sal\u00e1rio fixo.<\/p>\n\n\n\n<h2 class=\"wp-block-heading\">Pagamentos<\/h2>\n\n\n\n<p>A situa\u00e7\u00e3o gerou controv\u00e9rsias sobre a aplica\u00e7\u00e3o das regras de transpar\u00eancia no Judici\u00e1rio brasileiro. Com a abertura de um Processo Administrativo Disciplinar, a defesa de Buzzi afirma que ainda n\u00e3o h\u00e1 provas concretas sobre a sua conduta.<\/p>\n\n\n\n<p>O Superior Tribunal de Justi\u00e7a anunciou a inten\u00e7\u00e3o de ajustar os futuros pagamentos do ministro. A partir dos pr\u00f3ximos meses, ele dever\u00e1 receber apenas o sal\u00e1rio base, conforme as diretrizes do CNJ.<\/p>\n\n\n\n<p>Contudo, o STJ n\u00e3o esclareceu publicamente os crit\u00e9rios usados para determinar quais verbas foram inclu\u00eddas at\u00e9 agora nos pagamentos.<\/p>\n\n\n\n<p>O STJ \u00e9 a corte m\u00e1xima no Brasil para uniformizar a interpreta\u00e7\u00e3o da legisla\u00e7\u00e3o federal infraconstitucional, ou seja, leis comuns. Criada em 1988, ela zela para que as leis federais sejam aplicadas de forma igual em todo o pa\u00eds, julgando recursos de tribunais estaduais e federais.<\/p>\n","protected":false},"excerpt":{"rendered":"<p>Em fevereiro, ministro recebeu R$ 132 mil, segundo portal da transpar\u00eancia.<\/p>\n","protected":false},"author":12,"featured_media":12633,"comment_status":"closed","ping_status":"closed","sticky":false,"template":"","format":"standard","meta":{"jnews-multi-image_gallery":[],"jnews_single_post":{"format":"standard"},"jnews_primary_category":[],"jnews_social_meta":[],"jnews_override_counter":[],"jnews_post_split":[],"footnotes":""},"categories":[1],"tags":[],"class_list":["post-42952","post","type-post","status-publish","format-standard","has-post-thumbnail","hentry","category-geral"],"_referencia":"","_links":{"self":[{"href":"https:\/\/diariodocomercio.com.br\/mix\/wp-json\/wp\/v2\/posts\/42952","targetHints":{"allow":["GET"]}}],"collection":[{"href":"https:\/\/diariodocomercio.com.br\/mix\/wp-json\/wp\/v2\/posts"}],"about":[{"href":"https:\/\/diariodocomercio.com.br\/mix\/wp-json\/wp\/v2\/types\/post"}],"author":[{"embeddable":true,"href":"https:\/\/diariodocomercio.com.br\/mix\/wp-json\/wp\/v2\/users\/12"}],"replies":[{"embeddable":true,"href":"https:\/\/diariodocomercio.com.br\/mix\/wp-json\/wp\/v2\/comments?post=42952"}],"version-history":[{"count":2,"href":"https:\/\/diariodocomercio.com.br\/mix\/wp-json\/wp\/v2\/posts\/42952\/revisions"}],"predecessor-version":[{"id":42954,"href":"https:\/\/diariodocomercio.com.br\/mix\/wp-json\/wp\/v2\/posts\/42952\/revisions\/42954"}],"wp:featuredmedia":[{"embeddable":true,"href":"https:\/\/diariodocomercio.com.br\/mix\/wp-json\/wp\/v2\/media\/12633"}],"wp:attachment":[{"href":"https:\/\/diariodocomercio.com.br\/mix\/wp-json\/wp\/v2\/media?parent=42952"}],"wp:term":[{"taxonomy":"category","embeddable":true,"href":"https:\/\/diariodocomercio.com.br\/mix\/wp-json\/wp\/v2\/categories?post=42952"},{"taxonomy":"post_tag","embeddable":true,"href":"https:\/\/diariodocomercio.com.br\/mix\/wp-json\/wp\/v2\/tags?post=42952"}],"curies":[{"name":"wp","href":"https:\/\/api.w.org\/{rel}","templated":true}]}}