{"id":42965,"date":"2026-05-01T10:24:00","date_gmt":"2026-05-01T13:24:00","guid":{"rendered":"https:\/\/diariodocomercio.com.br\/mix\/?p=42965"},"modified":"2026-04-23T13:57:32","modified_gmt":"2026-04-23T16:57:32","slug":"governo-aprova-salario-minimo-de-mais-de-r-2000-no-brasil","status":"publish","type":"post","link":"https:\/\/diariodocomercio.com.br\/mix\/governo-aprova-salario-minimo-de-mais-de-r-2000-no-brasil\/","title":{"rendered":"Governo aprova sal\u00e1rio m\u00ednimo de mais de R$ 2000 no Brasil"},"content":{"rendered":"\n<p>O reajuste do sal\u00e1rio m\u00ednimo regional em Santa Catarina j\u00e1 est\u00e1 em vigor e elevou o piso para at\u00e9 R$ 2.106, consolidando o estado como o segundo com maior remunera\u00e7\u00e3o m\u00ednima do pa\u00eds. A atualiza\u00e7\u00e3o foi sancionada pelo governador Jorginho Mello e representa um aumento m\u00e9dio de 6,49%, acima da infla\u00e7\u00e3o registrada no per\u00edodo.<\/p>\n\n\n\n<p>Os novos valores variam entre R$ 1.842 e R$ 2.106, dependendo da categoria profissional. Com isso, os sal\u00e1rios pagos no estado ficam entre 13,6% e 29,9% acima do m\u00ednimo nacional, atualmente fixado em R$ 1.621. Em alguns casos, a diferen\u00e7a pode chegar a R$ 485 em rela\u00e7\u00e3o a trabalhadores de outras regi\u00f5es do pa\u00eds.<\/p>\n\n\n\n<p>A legisla\u00e7\u00e3o segue o princ\u00edpio da autonomia federativa previsto na Constitui\u00e7\u00e3o de 1988, que permite aos estados definirem pisos regionais, desde que n\u00e3o sejam inferiores ao sal\u00e1rio m\u00ednimo nacional. Em Santa Catarina, o modelo \u00e9 estruturado em quatro faixas salariais, que abrangem diferentes setores da economia.<\/p>\n\n\n\n<p>A primeira faixa, de R$ 1.842, contempla trabalhadores da agricultura, constru\u00e7\u00e3o civil, pesca, transporte e empregados dom\u00e9sticos. A segunda, de R$ 1.908, inclui setores como vestu\u00e1rio, cal\u00e7ados, papel e telemarketing. J\u00e1 a terceira faixa, de R$ 2.022, abrange \u00e1reas como ind\u00fastria qu\u00edmica, alimenta\u00e7\u00e3o e com\u00e9rcio. A quarta faixa, com o maior valor (R$ 2.106), \u00e9 destinada a segmentos como metalurgia, servi\u00e7os de sa\u00fade, processamento de dados e motoristas.<\/p>\n\n\n\n<p>O piso regional \u00e9 aplicado exclusivamente a trabalhadores que n\u00e3o possuem remunera\u00e7\u00e3o m\u00ednima definida por lei federal, conven\u00e7\u00e3o ou acordo coletivo. A atualiza\u00e7\u00e3o dos valores ocorre anualmente por meio de negocia\u00e7\u00e3o entre representantes de empregadores e trabalhadores, antes de ser encaminhada ao Legislativo.<\/p>\n\n\n\n<h2 class=\"wp-block-heading\"><strong>Economia aquecida e negocia\u00e7\u00e3o entre setores<\/strong><\/h2>\n\n\n\n<p>O reajuste foi resultado de um acordo firmado entre entidades empresariais e sindicais, pr\u00e1tica considerada caracter\u00edstica do modelo catarinense. Segundo representantes do setor produtivo, o consenso entre as partes garante maior legitimidade ao processo e reflete diretamente as condi\u00e7\u00f5es econ\u00f4micas do estado.<\/p>\n\n\n\n<p>O aumento ocorre em um cen\u00e1rio de mercado de trabalho aquecido. Dados da IBGE mostram que Santa Catarina registrou a menor taxa de desemprego do pa\u00eds em 2025, com \u00edndice de 2,2% no \u00faltimo trimestre, abaixo da m\u00e9dia nacional de 5,1%.<\/p>\n\n\n\n<p>Al\u00e9m disso, estimativas do Departamento Intersindical de Estat\u00edstica e Estudos Socioecon\u00f4micos (Dieese) indicam que cerca de 61,9 milh\u00f5es de brasileiros t\u00eam seus rendimentos vinculados ao sal\u00e1rio m\u00ednimo nacional, o que refor\u00e7a a import\u00e2ncia de pol\u00edticas regionais de valoriza\u00e7\u00e3o salarial.<\/p>\n\n\n\n<h2 class=\"wp-block-heading\"><strong>Diferen\u00e7a para o restante do pa\u00eds<\/strong><\/h2>\n\n\n\n<p>Com os novos valores, trabalhadores catarinenses podem receber at\u00e9 R$ 221 a mais que o m\u00ednimo nacional, dependendo da faixa salarial. O reajuste tamb\u00e9m tem efeito retroativo a 1\u00ba de janeiro de 2026, garantindo a atualiza\u00e7\u00e3o dos pagamentos desde o in\u00edcio do ano.<\/p>\n\n\n\n<p>Embora o piso regional beneficie diretamente categorias espec\u00edficas, ele tamb\u00e9m influencia negocia\u00e7\u00f5es salariais e pode impactar a din\u00e2mica econ\u00f4mica local, especialmente em setores com grande volume de m\u00e3o de obra.<\/p>\n","protected":false},"excerpt":{"rendered":"<p>O reajuste do sal\u00e1rio m\u00ednimo regional em Santa Catarina j\u00e1 est\u00e1 em vigor e elevou o piso para at\u00e9 R$ 2.106, consolidando o estado como o segundo com maior remunera\u00e7\u00e3o m\u00ednima do pa\u00eds. A atualiza\u00e7\u00e3o foi sancionada pelo governador Jorginho Mello e representa um aumento m\u00e9dio de 6,49%, acima da infla\u00e7\u00e3o registrada no per\u00edodo. Os [&hellip;]<\/p>\n","protected":false},"author":9,"featured_media":27633,"comment_status":"closed","ping_status":"closed","sticky":false,"template":"","format":"standard","meta":{"jnews-multi-image_gallery":[],"jnews_single_post":{"format":"standard"},"jnews_primary_category":[],"jnews_social_meta":[],"jnews_override_counter":[],"jnews_post_split":[],"footnotes":""},"categories":[1],"tags":[],"class_list":["post-42965","post","type-post","status-publish","format-standard","has-post-thumbnail","hentry","category-geral"],"_referencia":"","_links":{"self":[{"href":"https:\/\/diariodocomercio.com.br\/mix\/wp-json\/wp\/v2\/posts\/42965","targetHints":{"allow":["GET"]}}],"collection":[{"href":"https:\/\/diariodocomercio.com.br\/mix\/wp-json\/wp\/v2\/posts"}],"about":[{"href":"https:\/\/diariodocomercio.com.br\/mix\/wp-json\/wp\/v2\/types\/post"}],"author":[{"embeddable":true,"href":"https:\/\/diariodocomercio.com.br\/mix\/wp-json\/wp\/v2\/users\/9"}],"replies":[{"embeddable":true,"href":"https:\/\/diariodocomercio.com.br\/mix\/wp-json\/wp\/v2\/comments?post=42965"}],"version-history":[{"count":1,"href":"https:\/\/diariodocomercio.com.br\/mix\/wp-json\/wp\/v2\/posts\/42965\/revisions"}],"predecessor-version":[{"id":42967,"href":"https:\/\/diariodocomercio.com.br\/mix\/wp-json\/wp\/v2\/posts\/42965\/revisions\/42967"}],"wp:featuredmedia":[{"embeddable":true,"href":"https:\/\/diariodocomercio.com.br\/mix\/wp-json\/wp\/v2\/media\/27633"}],"wp:attachment":[{"href":"https:\/\/diariodocomercio.com.br\/mix\/wp-json\/wp\/v2\/media?parent=42965"}],"wp:term":[{"taxonomy":"category","embeddable":true,"href":"https:\/\/diariodocomercio.com.br\/mix\/wp-json\/wp\/v2\/categories?post=42965"},{"taxonomy":"post_tag","embeddable":true,"href":"https:\/\/diariodocomercio.com.br\/mix\/wp-json\/wp\/v2\/tags?post=42965"}],"curies":[{"name":"wp","href":"https:\/\/api.w.org\/{rel}","templated":true}]}}