{"id":42966,"date":"2026-04-26T12:04:00","date_gmt":"2026-04-26T15:04:00","guid":{"rendered":"https:\/\/diariodocomercio.com.br\/mix\/?p=42966"},"modified":"2026-04-23T14:46:13","modified_gmt":"2026-04-23T17:46:13","slug":"enquanto-salario-minimo-fica-em-r-1-621-busca-por-carros-acima-de-r-400-mil-cresce-no-brasil","status":"publish","type":"post","link":"https:\/\/diariodocomercio.com.br\/mix\/enquanto-salario-minimo-fica-em-r-1-621-busca-por-carros-acima-de-r-400-mil-cresce-no-brasil\/","title":{"rendered":"Enquanto sal\u00e1rio m\u00ednimo fica em R$ 1.621, busca por carros acima de R$ 400 mil cresce no Brasil"},"content":{"rendered":"\n<p>Entre 2020 e 2025, o pre\u00e7o dos carros 0 km subiu cerca de 51,5% e o dos usados teve um aumento de 83%, de acordo com o \u00edndice IBV Auto do banco BV. Em teoria, voc\u00ea imaginaria que esse seria o pior momento para o brasileiro buscar um carro novo&#8230; mas, de forma um tanto quanto contraintuitiva, a busca por ve\u00edculos n\u00e3o diminuiu, principalmente por modelos de alto padr\u00e3o.<\/p>\n\n\n\n<p>Segundo o levantamento mais recente da Webmotors, enviado em primeira m\u00e3o \u00e0 Casual EXAME, a busca por carros 0 km acima dos R$ 400 mil teve um crescimento de 17% nos \u00faltimos 12 meses. O levantamento considera buscas e visitas por esses modelos registradas na plataforma entre abril do ano passado e mar\u00e7o deste ano, comparando ao mesmo per\u00edodo entre 2024 e 2025.<\/p>\n\n\n\n<p>Como aponta a EXAME, o que esse dado revela \u00e9 uma consolida\u00e7\u00e3o do setor premium, que consegue resistir mesmo \u00e0s oscila\u00e7\u00f5es mais amplas do mercado financeiro. O modelo mais procurado foi a Toyota Hilux SW4, que a EXAME descreve como um &#8220;\u00edcone de liquidez e prest\u00edgio no agroneg\u00f3cio e nos grandes centros urbanos&#8221; (basta lembrar do tanto de m\u00fasica falando de Hilux que voc\u00ea j\u00e1 ouviu tocando por a\u00ed).<\/p>\n\n\n\n<h2 class=\"wp-block-heading\">Os 10 carros acima de R$ 400 mil mais procurados no \u00faltimo ano:<\/h2>\n\n\n\n<p>Os dados vem do levantamento da Webmotors Autoinsights, refletindo as buscas nos \u00faltimos 12 meses.<\/p>\n\n\n\n<ol class=\"wp-block-list\">\n<li>Toyota Hilux SW4<\/li>\n\n\n\n<li>Ford Mustang<\/li>\n\n\n\n<li>Audi RS6<\/li>\n\n\n\n<li>BMW M3<\/li>\n\n\n\n<li>Ford Ranger<\/li>\n\n\n\n<li>BMW X6<\/li>\n\n\n\n<li>Mercedes-Benz GLC 300<\/li>\n\n\n\n<li>BMW M2<\/li>\n\n\n\n<li>Volvo XC60<\/li>\n\n\n\n<li>Mercedes-Benz C 300<\/li>\n<\/ol>\n\n\n\n<style>@media (min-width: 992px) {\n    .recomendadorV2Area1 {\n        width: 280px;\n    }\n    .recomendadorV2Area2 {\n        padding: 0px 20px;\n        width: calc(100% - 280px);\n    }\n}\n\n@media (max-width: 992px) {\n    .recomendadorV2Button {\n        margin: 0 auto;\n    }\n    .recomendadorV2Area {\n        flex-direction: column;\n        text-align: center;\n    }\n    .recomendadorV2Area2 {\n        padding: 0px 20px;\n    }\n}\n\n.recomendadorV2Area {\n    background: #eeeeee3d;\n    border-radius: 10px;\n    padding: 15px;\n    display: flex;\n    margin: 15px auto;\n    border: 1px solid #00000014;\n    max-width: 800px;\n}\n\n.recomendadorV2Area1 img {\n    width: 280px;\n    height: auto;\n    border-radius: 8px;\n}\n\n.linkrecomendadorv2 {\n    text-decoration: none !important;\n}\n\n.recomendadorV2Area2 .recomendadorV2Type {\n    text-transform: uppercase;\n    font-weight: 500;\n    font-size: 11px;\n    letter-spacing: 2px;\n    color: #666;\n    margin: 12px 0;\n    display: block;\n}\n\n.recomendadorV2Title h2 {\n    padding-top: 0px !important;\n    margin: 0px !important;\n    border-left: none !important;\n    padding-left: 0px !important;\n    line-height: 1.3;\n    color: #000 !important;\n    font-size: 24px;\n    margin-bottom: 12px !important;\n}\n\n.recomendadorV2Desc {\n    color: #333;\n    margin: 12px 0px !important;\n    font-size: 15px;\n    line-height: 1.5;\n}\n\n.recomendadorV2Button {\n    width: auto;\n    max-width: 200px;\n    margin: 0;\n    display: inline-flex;\n    align-items: center;\n    background: #1D3557;\n    border-radius: 8px;\n    color: #fff;\n    height: 36px;\n    justify-content: center;\n    text-align: center;\n    font-size: 14px;\n    padding: 0 20px;\n    transition: background-color 0.2s ease;\n}\n\n.recomendadorV2Button:hover {\n    background: #2a4d7a;\n}\n\n.recomendadorV2Button:after {\n    margin-top: -2px;\n    content: \"\u2192\";\n    padding: 0px 0px 0px 8px;\n}\n\n.recomendadorV2Alert {\n    text-align: left;\n    font-size: 11px;\n    margin-top: 8px;\n    color: #666;\n}\n\n.recomendadorFixedArea {\n    width: 100%;\n    display: flex;\n    justify-content: center;\n    align-items: center;\n}\n\n@media (min-width: 992px) {\n    #recomendadorFixed {\n        width: 32% !important;\n        left: 5%;\n    }\n    .recomendadorCloseFixed{\n        right: inherit !important;\n        left: 378px !important;\n    }\n}\n\n#recomendadorFixed {\n    width: 90%;\n    box-shadow: 0 10px 20px 0px #00000057;\n    display: none;\n    height: 90px;\n    background: #F6F6F6;\n    position: fixed;\n    flex-direction: row;\n    bottom: 10px;\n    z-index: 9999;\n    border-radius: 16px;\n    padding: 7px 10px;\n}\n\n.recomendadorLeftArea {\n    width: 160px;\n}\n\n.recomendadorRightArea h2 {\n    padding-top: 0px;\n    margin: 2px 0px 4px 0px !important;\n    font-weight: 400;\n    text-align: center;\n    padding-left: 0px !important;\n    color: #000 !important;\n    border-left: none !important;\n    line-height: 20px;\n    font-size: 12px !important;\n}\n\n.recomendadorImgFixed {\n    overflow: hidden;\n    padding: 8px 6px;\n    height: 100%;\n}\n\n.recomendadorImgFixed img {\n    height: 100% !important;\n    border-radius: 16px;\n}\n\n.recomendadorRightArea {\n    padding-top: 6px;\n    display: flex;\n    width: calc(100% - 130px);\n    justify-content: space-between;\n    align-items: center;\n    flex-direction: column;\n}\n\n.recomendadorButtonFixed {\n    margin: 0 auto;\n    background: #1D3557;\n    width: 80%;\n    text-align: center;\n    font-size: 10px;\n    color: #FFF;\n    padding: 2px 10px;\n    border-radius: 3px;\n}\n\n.recomendadorButtonFixed:after {\n    margin-top: -3px;\n    content: \"\u2192\";\n    padding: 0px 0px 0px 10px;\n}\n\n.recomendadorAlertFixed {\n    font-weight: 400;\n    text-align: center;\n    color: #484848;\n    font-size: 8px;\n}\n\n.recomendadorCloseFixed {\n    z-index: 99999;\n    display: none;\n    right: 0px;\n    left: inherit;\n    bottom: 99px;\n    position: fixed;\n    justify-content: center;\n    background: #F6F6F6;\n    width: 25px;\n    align-items: center;\n    height: 25px;\n    font-weight: 800;\n    border-radius: 50%;\n    border: 1px solid #EBEBEB;\n}\n\n.recomendadorV2Desc{\n    color: #000000;\n    margin: 20px 0px;\n}\n\n@media (max-width: 576px) {\n    .recomendadorV2Area {\n      padding: 10px;\n      max-width: 100%;\n    }\n  \n    .recomendadorV2Area1 img {\n      width: 100%;\n      border-radius: 6px;\n    }\n  \n    .recomendadorV2Area2 .recomendadorV2Type {\n      font-size: 9px;\n      letter-spacing: 1px;\n      margin: 8px 0;\n    }\n  \n    .recomendadorV2Title h2 {\n      font-size: 18px !important;\n      margin-bottom: 8px !important;\n      line-height: 1.2;\n    }\n  \n    .recomendadorV2Desc {\n      font-size: 14px;\n      margin: 8px 0 !important;\n      line-height: 1.4;\n    }\n  \n    .recomendadorV2Button {\n      font-size: 14px;\n      height: 40px;\n      padding: 0 12px;\n      max-width: 100%;\n      width: 100%;\n    }\n  \n    .recomendadorV2Button:after {\n      padding-left: 6px;\n    }\n  }\n  <\/style>\n        <div class=\"lazyblock-recomendador-v2-2jDGz wp-block-lazyblock-recomendador-v2\">\n        <a class=\"linkrecomendadorv2\" href=\"https:\/\/diariodocomercio.com.br\/mix\/menores-de-18-anos-podem-comprar-cerveja-zero-alcool-no-brasil-veja-o-que-diz-a-lei\/\">\n            <div class=\"recomendadorV2Area\">\n            <div class=\"recomendadorV2Area1\">\n                <div class=\"recomendadorV2Img\">\n                <img class=\"lazyloaded\" decoding=\"async\" src=\"https:\/\/diariodocomercio.com.br\/mix\/wp-content\/uploads\/2026\/04\/cerveja-1.jpg\" data-src=\"https:\/\/diariodocomercio.com.br\/mix\/wp-content\/uploads\/2026\/04\/cerveja-1.jpg\" alt=\"\">\n                <\/div>\n            <\/div>\n            <div class=\"recomendadorV2Area2\">\n                <div class=\"recomendadorV2Type\">\n                    <span>O QUE DIZ A LEI?<\/span>\n                <\/div>\n                <div class=\"recomendadorV2Title\">\n                <h2><span>Menores de 18 anos podem comprar cerveja zero \u00e1lcool no Brasil? Veja o que diz a Lei<\/span><\/h2>\n                <\/div>\n                <div class=\"recomendadorV2Desc\">\n                <span>Eu e voc\u00ea sabemos que, no Brasil, menores de 18 anos n\u00e3o podem comprar nem consumir cerveja e outras bebidas \u2026<\/span>\n                <\/div>\n                <div class=\"recomendadorV2Button\">Leia mais<\/div>\n                <div class=\"recomendadorV2Alert\"><\/div>\n            <\/div>\n            <\/div>\n        <\/a>\n        <div>\n            <div style=\"z-index:99999;\" id=\"buttonClose\" onclick=\"closeRecomendadorFixed()\">\n            <div class=\"recomendadorCloseFixed\">X<\/div>\n            <\/div>\n            <a href=\"https:\/\/diariodocomercio.com.br\/mix\/menores-de-18-anos-podem-comprar-cerveja-zero-alcool-no-brasil-veja-o-que-diz-a-lei\/\">\n            <div class=\"recomendadorFixedArea\">\n                <div id=\"recomendadorFixed\">\n                <div class=\"recomendadorLeftArea\">\n                    <div class=\"recomendadorImgFixed\">\n                    <img class=\"lazyload\" decoding=\"async\" src=\"https:\/\/diariodocomercio.com.br\/mix\/wp-content\/uploads\/2026\/04\/cerveja-1.jpg\" alt=\"\">\n                    <\/div>\n                <\/div>\n                <div class=\"recomendadorRightArea\">\n                    <div class=\"recomendadorTitleFixed\">\n                    <h2><span>Menores de 18 anos podem comprar cerveja zero \u00e1lcool no Brasil? Veja o que diz a Lei<\/span><\/h2>\n                    <\/div>\n                    <div class=\"recomendadorButtonFixed\">Leia mais<\/div>\n                    <div class=\"recomendadorAlertFixed\"><\/div>\n                <\/div>\n                <\/div>\n            <\/div>\n            <\/a>\n        <\/div>\n        <\/div>\n","protected":false},"excerpt":{"rendered":"<p>Entre 2020 e 2025, o pre\u00e7o dos carros 0 km subiu cerca de 51,5% e o dos usados teve um aumento de 83%, de acordo com o \u00edndice IBV Auto do banco BV. Em teoria, voc\u00ea imaginaria que esse seria o pior momento para o brasileiro buscar um carro novo&#8230; mas, de forma um tanto [&hellip;]<\/p>\n","protected":false},"author":6,"featured_media":42969,"comment_status":"closed","ping_status":"closed","sticky":false,"template":"","format":"standard","meta":{"jnews-multi-image_gallery":[],"jnews_single_post":{"format":"standard"},"jnews_primary_category":[],"jnews_social_meta":[],"jnews_override_counter":[],"jnews_post_split":[],"footnotes":""},"categories":[1],"tags":[],"class_list":["post-42966","post","type-post","status-publish","format-standard","has-post-thumbnail","hentry","category-geral"],"_referencia":"","_links":{"self":[{"href":"https:\/\/diariodocomercio.com.br\/mix\/wp-json\/wp\/v2\/posts\/42966","targetHints":{"allow":["GET"]}}],"collection":[{"href":"https:\/\/diariodocomercio.com.br\/mix\/wp-json\/wp\/v2\/posts"}],"about":[{"href":"https:\/\/diariodocomercio.com.br\/mix\/wp-json\/wp\/v2\/types\/post"}],"author":[{"embeddable":true,"href":"https:\/\/diariodocomercio.com.br\/mix\/wp-json\/wp\/v2\/users\/6"}],"replies":[{"embeddable":true,"href":"https:\/\/diariodocomercio.com.br\/mix\/wp-json\/wp\/v2\/comments?post=42966"}],"version-history":[{"count":1,"href":"https:\/\/diariodocomercio.com.br\/mix\/wp-json\/wp\/v2\/posts\/42966\/revisions"}],"predecessor-version":[{"id":42974,"href":"https:\/\/diariodocomercio.com.br\/mix\/wp-json\/wp\/v2\/posts\/42966\/revisions\/42974"}],"wp:featuredmedia":[{"embeddable":true,"href":"https:\/\/diariodocomercio.com.br\/mix\/wp-json\/wp\/v2\/media\/42969"}],"wp:attachment":[{"href":"https:\/\/diariodocomercio.com.br\/mix\/wp-json\/wp\/v2\/media?parent=42966"}],"wp:term":[{"taxonomy":"category","embeddable":true,"href":"https:\/\/diariodocomercio.com.br\/mix\/wp-json\/wp\/v2\/categories?post=42966"},{"taxonomy":"post_tag","embeddable":true,"href":"https:\/\/diariodocomercio.com.br\/mix\/wp-json\/wp\/v2\/tags?post=42966"}],"curies":[{"name":"wp","href":"https:\/\/api.w.org\/{rel}","templated":true}]}}