{"id":43022,"date":"2026-04-26T13:12:00","date_gmt":"2026-04-26T16:12:00","guid":{"rendered":"https:\/\/diariodocomercio.com.br\/mix\/?p=43022"},"modified":"2026-04-23T17:53:33","modified_gmt":"2026-04-23T20:53:33","slug":"governo-antecipa-aumento-no-salario-minimo-e-brasileiros-ja-sentem-a-nova-realidade","status":"publish","type":"post","link":"https:\/\/diariodocomercio.com.br\/mix\/governo-antecipa-aumento-no-salario-minimo-e-brasileiros-ja-sentem-a-nova-realidade\/","title":{"rendered":"Governo antecipa aumento no sal\u00e1rio m\u00ednimo e brasileiros j\u00e1 sentem a nova realidade"},"content":{"rendered":"\n<p>A partir de 1\u00ba de janeiro de 2027, o Brasil introduzir\u00e1 um <strong>novo sal\u00e1rio m\u00ednimo, <\/strong>estipulado em <strong>R$ 1.717, <\/strong>conforme proposto no Projeto de Lei de Diretrizes Or\u00e7ament\u00e1rias (PLDO) 2027, que foi submetido ao Congresso Nacional. Este reajuste \u00e9 consequ\u00eancia das diretrizes do or\u00e7amento federal, que ajusta o sal\u00e1rio m\u00ednimo considerando a infla\u00e7\u00e3o e o crescimento econ\u00f4mico. O valor atual \u00e9 R$ 1.621, ap\u00f3s um aumento de 6,79% neste ano.<\/p>\n\n\n\n<p>O c\u00e1lculo para o reajuste do sal\u00e1rio m\u00ednimo combina o \u00cdndice Nacional de Pre\u00e7os ao Consumidor (INPC) acumulado at\u00e9 novembro e o crescimento do Produto Interno Bruto (PIB) de dois anos anteriores.<\/p>\n\n\n\n<p>Com isso, estima-se que o novo valor ter\u00e1 uma corre\u00e7\u00e3o de 5,92%, representando um <strong>aumento de R$ 96.<\/strong> O valor definitivo ser\u00e1 confirmado em dezembro de 2026, ap\u00f3s a divulga\u00e7\u00e3o do INPC daquele m\u00eas.<\/p>\n\n\n\n<h2 class=\"wp-block-heading\">Como o sal\u00e1rio m\u00ednimo impacta a popula\u00e7\u00e3o?<\/h2>\n\n\n\n<p>O sal\u00e1rio m\u00ednimo \u00e9 a base de rendimento de milh\u00f5es de brasileiros. Ele n\u00e3o se limita apenas aos trabalhadores formais, mas tamb\u00e9m afeta aposentadorias e benef\u00edcios sociais, como o Benef\u00edcio de Presta\u00e7\u00e3o Continuada (BPC).<\/p>\n\n\n\n<p>Desta forma, o reajuste influencia diretamente no poder de compra e no or\u00e7amento de diversas fam\u00edlias em todo o pa\u00eds.<\/p>\n\n\n\n<h2 class=\"wp-block-heading\">Relev\u00e2ncia do sal\u00e1rio m\u00ednimo em 2027<\/h2>\n\n\n\n<p>Desde sua ado\u00e7\u00e3o em 1940, o sal\u00e1rio m\u00ednimo desempenha um papel fundamental na economia nacional. De acordo com o Departamento Intersindical de Estat\u00edstica e Estudos Socioecon\u00f4micos (Dieese), em 2026, o valor ideal do sal\u00e1rio m\u00ednimo \u00e9 de R$ 7.067, bem acima do valor real.<\/p>\n\n\n\n<p>A implementa\u00e7\u00e3o do novo sal\u00e1rio m\u00ednimo visa alinhar as diretrizes econ\u00f4micas do Brasil com as necessidades dos cidad\u00e3os, promovendo ajuste que busque n\u00e3o apenas acompanhar a infla\u00e7\u00e3o, mas assegurar crescimento real.<\/p>\n","protected":false},"excerpt":{"rendered":"<p>O sal\u00e1rio m\u00ednimo \u00e9 a base de rendimento de milh\u00f5es de brasileiros.<\/p>\n","protected":false},"author":12,"featured_media":10188,"comment_status":"closed","ping_status":"closed","sticky":false,"template":"","format":"standard","meta":{"jnews-multi-image_gallery":[],"jnews_single_post":{"format":"standard"},"jnews_primary_category":[],"jnews_social_meta":[],"jnews_override_counter":[],"jnews_post_split":[],"footnotes":""},"categories":[1],"tags":[],"class_list":["post-43022","post","type-post","status-publish","format-standard","has-post-thumbnail","hentry","category-geral"],"_referencia":"","_links":{"self":[{"href":"https:\/\/diariodocomercio.com.br\/mix\/wp-json\/wp\/v2\/posts\/43022","targetHints":{"allow":["GET"]}}],"collection":[{"href":"https:\/\/diariodocomercio.com.br\/mix\/wp-json\/wp\/v2\/posts"}],"about":[{"href":"https:\/\/diariodocomercio.com.br\/mix\/wp-json\/wp\/v2\/types\/post"}],"author":[{"embeddable":true,"href":"https:\/\/diariodocomercio.com.br\/mix\/wp-json\/wp\/v2\/users\/12"}],"replies":[{"embeddable":true,"href":"https:\/\/diariodocomercio.com.br\/mix\/wp-json\/wp\/v2\/comments?post=43022"}],"version-history":[{"count":2,"href":"https:\/\/diariodocomercio.com.br\/mix\/wp-json\/wp\/v2\/posts\/43022\/revisions"}],"predecessor-version":[{"id":43025,"href":"https:\/\/diariodocomercio.com.br\/mix\/wp-json\/wp\/v2\/posts\/43022\/revisions\/43025"}],"wp:featuredmedia":[{"embeddable":true,"href":"https:\/\/diariodocomercio.com.br\/mix\/wp-json\/wp\/v2\/media\/10188"}],"wp:attachment":[{"href":"https:\/\/diariodocomercio.com.br\/mix\/wp-json\/wp\/v2\/media?parent=43022"}],"wp:term":[{"taxonomy":"category","embeddable":true,"href":"https:\/\/diariodocomercio.com.br\/mix\/wp-json\/wp\/v2\/categories?post=43022"},{"taxonomy":"post_tag","embeddable":true,"href":"https:\/\/diariodocomercio.com.br\/mix\/wp-json\/wp\/v2\/tags?post=43022"}],"curies":[{"name":"wp","href":"https:\/\/api.w.org\/{rel}","templated":true}]}}