{"id":43091,"date":"2026-04-26T17:32:00","date_gmt":"2026-04-26T20:32:00","guid":{"rendered":"https:\/\/diariodocomercio.com.br\/mix\/?p=43091"},"modified":"2026-04-24T13:14:04","modified_gmt":"2026-04-24T16:14:04","slug":"governo-tera-que-pagar-r-258-mil-em-indenizacao-por-maus-tratos-a-presos-na-cadeia","status":"publish","type":"post","link":"https:\/\/diariodocomercio.com.br\/mix\/governo-tera-que-pagar-r-258-mil-em-indenizacao-por-maus-tratos-a-presos-na-cadeia\/","title":{"rendered":"Governo ter\u00e1 que pagar R$ 258 mil em indeniza\u00e7\u00e3o por maus tratos a presos na cadeia"},"content":{"rendered":"\n<p>A Justi\u00e7a de S\u00e3o Paulo condenou o Estado de S\u00e3o Paulo ao pagamento de R$ 258 mil por danos morais coletivos devido a atos de tortura praticados contra detentos do Anexo de Semiaberto da Penitenci\u00e1ria de Presidente Prudente. A decis\u00e3o, considerada in\u00e9dita, atende a uma a\u00e7\u00e3o civil p\u00fablica movida pela Defensoria P\u00fablica do Estado de S\u00e3o Paulo.<\/p>\n\n\n\n<p>O caso remonta a uma opera\u00e7\u00e3o de revista realizada em 28 de setembro de 2015 por agentes do Grupo de Interven\u00e7\u00e3o R\u00e1pida (GIR), ligado \u00e0 Secretaria de Administra\u00e7\u00e3o Penitenci\u00e1ria. Segundo a senten\u00e7a, a a\u00e7\u00e3o foi marcada por agress\u00f5es f\u00edsicas, psicol\u00f3gicas e tratamento degradante contra os presos.<\/p>\n\n\n\n<p>De acordo com a decis\u00e3o da 1\u00aa Vara da Fazenda P\u00fablica, ao menos 14 detentos sofreram les\u00f5es corporais classificadas como leves, provocadas por \u201cagente contundente\u201d. Os ferimentos, concentrados nas costas e nas n\u00e1degas, indicam que os presos estavam sem resist\u00eancia no momento das agress\u00f5es.<\/p>\n\n\n\n<p>A opera\u00e7\u00e3o teria sido motivada pelo relato de um detento que afirmou sofrer amea\u00e7as de outros internos, supostamente envolvidos com a posse de objetos proibidos. No entanto, n\u00e3o houve investiga\u00e7\u00e3o pr\u00e9via, e nenhum dos itens mencionados foi encontrado durante a a\u00e7\u00e3o.<\/p>\n\n\n\n<p>Relatos reunidos no processo apontam que cerca de 40 agentes participaram da opera\u00e7\u00e3o, que durou aproximadamente duas horas e meia e envolveu cerca de 240 detentos. Testemunhos indicam o uso de chutes, socos, balas de borracha e ofensas verbais, mesmo sem resist\u00eancia por parte dos presos.<\/p>\n\n\n\n<h2 class=\"wp-block-heading\"><strong>Reconhecimento de dano coletivo<\/strong><\/h2>\n\n\n\n<p>Na senten\u00e7a, a magistrada destacou que a repeti\u00e7\u00e3o dos relatos e a similaridade das les\u00f5es afastam a hip\u00f3tese de epis\u00f3dios isolados, configurando uma a\u00e7\u00e3o padronizada e desproporcional por parte do Estado.<\/p>\n\n\n\n<p>O entendimento foi de que a conduta ultrapassou a esfera individual das v\u00edtimas e atingiu a coletividade, caracterizando dano moral coletivo. O valor da indeniza\u00e7\u00e3o ser\u00e1 destinado ao Fundo de Interesses Difusos, vinculado \u00e0 Secretaria de Justi\u00e7a, para financiamento de projetos sociais.<\/p>\n\n\n\n<h2 class=\"wp-block-heading\"><strong>Caso ganha repercuss\u00e3o internacional<\/strong><\/h2>\n\n\n\n<p>O epis\u00f3dio tamb\u00e9m foi levado ao Comit\u00ea contra a Tortura da ONU, tornando-se o primeiro caso envolvendo o sistema prisional brasileiro aceito pelo \u00f3rg\u00e3o.<\/p>\n\n\n\n<p>Apesar da condena\u00e7\u00e3o, ainda cabe recurso por parte do Estado.<\/p>\n","protected":false},"excerpt":{"rendered":"<p>A Justi\u00e7a de S\u00e3o Paulo condenou o Estado de S\u00e3o Paulo ao pagamento de R$ 258 mil por danos morais coletivos devido a atos de tortura praticados contra detentos do Anexo de Semiaberto da Penitenci\u00e1ria de Presidente Prudente. A decis\u00e3o, considerada in\u00e9dita, atende a uma a\u00e7\u00e3o civil p\u00fablica movida pela Defensoria P\u00fablica do Estado de [&hellip;]<\/p>\n","protected":false},"author":9,"featured_media":23989,"comment_status":"closed","ping_status":"closed","sticky":false,"template":"","format":"standard","meta":{"jnews-multi-image_gallery":[],"jnews_single_post":{"format":"standard"},"jnews_primary_category":[],"jnews_social_meta":[],"jnews_override_counter":[],"jnews_post_split":[],"footnotes":""},"categories":[1],"tags":[],"class_list":["post-43091","post","type-post","status-publish","format-standard","has-post-thumbnail","hentry","category-geral"],"_referencia":"","_links":{"self":[{"href":"https:\/\/diariodocomercio.com.br\/mix\/wp-json\/wp\/v2\/posts\/43091","targetHints":{"allow":["GET"]}}],"collection":[{"href":"https:\/\/diariodocomercio.com.br\/mix\/wp-json\/wp\/v2\/posts"}],"about":[{"href":"https:\/\/diariodocomercio.com.br\/mix\/wp-json\/wp\/v2\/types\/post"}],"author":[{"embeddable":true,"href":"https:\/\/diariodocomercio.com.br\/mix\/wp-json\/wp\/v2\/users\/9"}],"replies":[{"embeddable":true,"href":"https:\/\/diariodocomercio.com.br\/mix\/wp-json\/wp\/v2\/comments?post=43091"}],"version-history":[{"count":1,"href":"https:\/\/diariodocomercio.com.br\/mix\/wp-json\/wp\/v2\/posts\/43091\/revisions"}],"predecessor-version":[{"id":43115,"href":"https:\/\/diariodocomercio.com.br\/mix\/wp-json\/wp\/v2\/posts\/43091\/revisions\/43115"}],"wp:featuredmedia":[{"embeddable":true,"href":"https:\/\/diariodocomercio.com.br\/mix\/wp-json\/wp\/v2\/media\/23989"}],"wp:attachment":[{"href":"https:\/\/diariodocomercio.com.br\/mix\/wp-json\/wp\/v2\/media?parent=43091"}],"wp:term":[{"taxonomy":"category","embeddable":true,"href":"https:\/\/diariodocomercio.com.br\/mix\/wp-json\/wp\/v2\/categories?post=43091"},{"taxonomy":"post_tag","embeddable":true,"href":"https:\/\/diariodocomercio.com.br\/mix\/wp-json\/wp\/v2\/tags?post=43091"}],"curies":[{"name":"wp","href":"https:\/\/api.w.org\/{rel}","templated":true}]}}