{"id":43118,"date":"2026-04-26T18:04:00","date_gmt":"2026-04-26T21:04:00","guid":{"rendered":"https:\/\/diariodocomercio.com.br\/mix\/?p=43118"},"modified":"2026-04-24T13:25:37","modified_gmt":"2026-04-24T16:25:37","slug":"apos-medida-no-reino-unido-brasil-pode-proibir-cigarros-para-nascidos-apos-2009","status":"publish","type":"post","link":"https:\/\/diariodocomercio.com.br\/mix\/apos-medida-no-reino-unido-brasil-pode-proibir-cigarros-para-nascidos-apos-2009\/","title":{"rendered":"Ap\u00f3s medida no Reino Unido, Brasil pode proibir cigarros para nascidos ap\u00f3s 2009"},"content":{"rendered":"\n<p>O deputado federal <strong>Maur\u00edcio Neves,<\/strong> do Partido Progressista de S\u00e3o Paulo, apresentou no \u00faltimo dia 23 de abril, um projeto de lei que busca <strong>proibir a venda de cigarros <\/strong>para indiv\u00edduos nascidos a partir de 1\u00ba de janeiro de 2009.\u00a0<\/p>\n\n\n\n<p>A legisla\u00e7\u00e3o proposta define que a idade m\u00ednima para compra de cigarros suba anualmente, come\u00e7ando em 19 anos a partir de 2027. Assim, ao longo do tempo, qualquer pessoa nascida ap\u00f3s 2009 nunca teria permiss\u00e3o legal para comprar cigarros. O projeto de lei j\u00e1 foi protocolado na C\u00e2mara dos Deputados, onde aguarda discuss\u00e3o e vota\u00e7\u00e3o.<\/p>\n\n\n\n<h2 class=\"wp-block-heading\">Impactos&nbsp;<\/h2>\n\n\n\n<p>A aprova\u00e7\u00e3o de tal medida pode trazer grandes mudan\u00e7as ao mercado de tabacos brasileiro, influenciando desde a produ\u00e7\u00e3o at\u00e9 a distribui\u00e7\u00e3o. No entanto, h\u00e1 uma s\u00e9rie de desafios a se enfrentar.<\/p>\n\n\n\n<p>Ainda que uma redu\u00e7\u00e3o no consumo de cigarro possa ser vantajosa para a sa\u00fade p\u00fablica, cr\u00edticos alertam para o risco de incentivo ao <strong>mercado ilegal, <\/strong>o que poderia pesar na seguran\u00e7a p\u00fablica e no controle regulat\u00f3rio.<\/p>\n\n\n\n<p>O projeto, que segue para comiss\u00f5es na C\u00e2mara, precisa superar resist\u00eancias, especialmente dos que veem a medida como um controle governamental excessivo. Os debates dentro das comiss\u00f5es dever\u00e3o sanar d\u00favidas e propor ajustes necess\u00e1rios para que a proposta alcance sua aprova\u00e7\u00e3o.<\/p>\n\n\n\n<h2 class=\"wp-block-heading\">Li\u00e7\u00f5es do Reino Unido<\/h2>\n\n\n\n<p>A inspira\u00e7\u00e3o viria do Tobacco and Vapes Bill, aprovado recentemente no Reino Unido. Esta medida tamb\u00e9m pro\u00edbe vendas para quem nasceu a partir de 2009 e posiciona o Reino Unido como l\u00edder em pol\u00edticas p\u00fablicas de controle de tabagismo.<\/p>\n\n\n\n<p>O projeto brit\u00e2nico, que progrediu a partir de abril de 2026, visa a redu\u00e7\u00e3o do n\u00famero de fumantes, oferecendo um exemplo significativo de pol\u00edtica de sa\u00fade p\u00fablica rigorosa.<\/p>\n","protected":false},"excerpt":{"rendered":"<p>O deputado federal Maur\u00edcio Neves apresentou um projeto de lei.<\/p>\n","protected":false},"author":12,"featured_media":42873,"comment_status":"closed","ping_status":"closed","sticky":false,"template":"","format":"standard","meta":{"jnews-multi-image_gallery":[],"jnews_single_post":{"format":"standard"},"jnews_primary_category":[],"jnews_social_meta":[],"jnews_override_counter":[],"jnews_post_split":[],"footnotes":""},"categories":[1],"tags":[],"class_list":["post-43118","post","type-post","status-publish","format-standard","has-post-thumbnail","hentry","category-geral"],"_referencia":"","_links":{"self":[{"href":"https:\/\/diariodocomercio.com.br\/mix\/wp-json\/wp\/v2\/posts\/43118","targetHints":{"allow":["GET"]}}],"collection":[{"href":"https:\/\/diariodocomercio.com.br\/mix\/wp-json\/wp\/v2\/posts"}],"about":[{"href":"https:\/\/diariodocomercio.com.br\/mix\/wp-json\/wp\/v2\/types\/post"}],"author":[{"embeddable":true,"href":"https:\/\/diariodocomercio.com.br\/mix\/wp-json\/wp\/v2\/users\/12"}],"replies":[{"embeddable":true,"href":"https:\/\/diariodocomercio.com.br\/mix\/wp-json\/wp\/v2\/comments?post=43118"}],"version-history":[{"count":3,"href":"https:\/\/diariodocomercio.com.br\/mix\/wp-json\/wp\/v2\/posts\/43118\/revisions"}],"predecessor-version":[{"id":43126,"href":"https:\/\/diariodocomercio.com.br\/mix\/wp-json\/wp\/v2\/posts\/43118\/revisions\/43126"}],"wp:featuredmedia":[{"embeddable":true,"href":"https:\/\/diariodocomercio.com.br\/mix\/wp-json\/wp\/v2\/media\/42873"}],"wp:attachment":[{"href":"https:\/\/diariodocomercio.com.br\/mix\/wp-json\/wp\/v2\/media?parent=43118"}],"wp:term":[{"taxonomy":"category","embeddable":true,"href":"https:\/\/diariodocomercio.com.br\/mix\/wp-json\/wp\/v2\/categories?post=43118"},{"taxonomy":"post_tag","embeddable":true,"href":"https:\/\/diariodocomercio.com.br\/mix\/wp-json\/wp\/v2\/tags?post=43118"}],"curies":[{"name":"wp","href":"https:\/\/api.w.org\/{rel}","templated":true}]}}