{"id":43121,"date":"2026-04-26T18:44:00","date_gmt":"2026-04-26T21:44:00","guid":{"rendered":"https:\/\/diariodocomercio.com.br\/mix\/?p=43121"},"modified":"2026-04-24T13:24:13","modified_gmt":"2026-04-24T16:24:13","slug":"nova-lei-no-brasil-pode-multar-em-r-16-210-quem-for-pego-jogando-lixo-na-rua","status":"publish","type":"post","link":"https:\/\/diariodocomercio.com.br\/mix\/nova-lei-no-brasil-pode-multar-em-r-16-210-quem-for-pego-jogando-lixo-na-rua\/","title":{"rendered":"Nova Lei no Brasil pode multar em R$ 16.210 quem for pego jogando lixo na rua"},"content":{"rendered":"\n<p>A C\u00e2mara dos Deputados aprovou um projeto de lei que prev\u00ea multa para quem descartar lixo em vias p\u00fablicas ou em locais inadequados. A proposta, votada nesta quinta-feira (23), ainda precisa passar pelo Senado para entrar em vigor.<\/p>\n\n\n\n<p>O texto altera a Pol\u00edtica Nacional de Res\u00edduos S\u00f3lidos e tamb\u00e9m a Lei de Crimes Ambientais, ampliando as puni\u00e7\u00f5es para pr\u00e1ticas consideradas prejudiciais ao meio ambiente e \u00e0 sa\u00fade p\u00fablica.<\/p>\n\n\n\n<p>De acordo com o projeto, a penalidade ser\u00e1 proporcional \u00e0 quantidade de lixo descartada e ao perfil econ\u00f4mico de quem comete a infra\u00e7\u00e3o.<\/p>\n\n\n\n<p>Para pessoas f\u00edsicas, a multa pode variar de 1 a 10 sal\u00e1rios m\u00ednimos, o que representa atualmente valores entre R$ 1.621 e R$ 16.210. J\u00e1 para empresas ou respons\u00e1veis por atividades comerciais, os valores s\u00e3o mais elevados, podendo chegar a at\u00e9 100 sal\u00e1rios m\u00ednimos, equivalente a R$ 162.100.<\/p>\n\n\n\n<p>O texto tamb\u00e9m estabelece exce\u00e7\u00f5es para locais apropriados de descarte e para situa\u00e7\u00f5es em que os res\u00edduos estejam armazenados corretamente, sem risco \u00e0 popula\u00e7\u00e3o.<\/p>\n\n\n\n<h2 class=\"wp-block-heading\"><strong>Combate ao descarte irregular<\/strong><\/h2>\n\n\n\n<p>A proposta surge em meio a um cen\u00e1rio preocupante no pa\u00eds. Segundo levantamento da Associa\u00e7\u00e3o Brasileira de Res\u00edduos e Meio Ambiente, o Brasil produz cerca de 77,1 milh\u00f5es de toneladas de res\u00edduos por ano, sendo que quase metade ainda tem destino inadequado, como lix\u00f5es e \u00e1reas irregulares.<\/p>\n\n\n\n<p>Al\u00e9m do impacto ambiental, o descarte irregular gera custos elevados aos cofres p\u00fablicos. Dados indicam que prefeituras e empresas investem bilh\u00f5es anualmente em limpeza urbana, incluindo coleta, transporte e tratamento de res\u00edduos.<\/p>\n\n\n\n<h2 class=\"wp-block-heading\"><strong>Pr\u00f3ximos passos<\/strong><\/h2>\n\n\n\n<p>O projeto (PL 580\/22), de autoria do deputado Kim Kataguiri e relatado por Marcelo Queiroz, foi ajustado para garantir a constitucionalidade da medida, respeitando a autonomia de estados e munic\u00edpios.<\/p>\n\n\n\n<p>Agora, a proposta segue para an\u00e1lise no Senado. Caso seja aprovada sem altera\u00e7\u00f5es, poder\u00e1 ser sancionada e passar a valer em todo o territ\u00f3rio nacional, refor\u00e7ando a responsabiliza\u00e7\u00e3o por danos ambientais causados pelo descarte irregular de lixo.<\/p>\n","protected":false},"excerpt":{"rendered":"<p>A C\u00e2mara dos Deputados aprovou um projeto de lei que prev\u00ea multa para quem descartar lixo em vias p\u00fablicas ou em locais inadequados. A proposta, votada nesta quinta-feira (23), ainda precisa passar pelo Senado para entrar em vigor. O texto altera a Pol\u00edtica Nacional de Res\u00edduos S\u00f3lidos e tamb\u00e9m a Lei de Crimes Ambientais, ampliando [&hellip;]<\/p>\n","protected":false},"author":9,"featured_media":43122,"comment_status":"closed","ping_status":"closed","sticky":false,"template":"","format":"standard","meta":{"jnews-multi-image_gallery":[],"jnews_single_post":{"format":"standard"},"jnews_primary_category":[],"jnews_social_meta":[],"jnews_override_counter":[],"jnews_post_split":[],"footnotes":""},"categories":[1],"tags":[],"class_list":["post-43121","post","type-post","status-publish","format-standard","has-post-thumbnail","hentry","category-geral"],"_referencia":"","_links":{"self":[{"href":"https:\/\/diariodocomercio.com.br\/mix\/wp-json\/wp\/v2\/posts\/43121","targetHints":{"allow":["GET"]}}],"collection":[{"href":"https:\/\/diariodocomercio.com.br\/mix\/wp-json\/wp\/v2\/posts"}],"about":[{"href":"https:\/\/diariodocomercio.com.br\/mix\/wp-json\/wp\/v2\/types\/post"}],"author":[{"embeddable":true,"href":"https:\/\/diariodocomercio.com.br\/mix\/wp-json\/wp\/v2\/users\/9"}],"replies":[{"embeddable":true,"href":"https:\/\/diariodocomercio.com.br\/mix\/wp-json\/wp\/v2\/comments?post=43121"}],"version-history":[{"count":1,"href":"https:\/\/diariodocomercio.com.br\/mix\/wp-json\/wp\/v2\/posts\/43121\/revisions"}],"predecessor-version":[{"id":43123,"href":"https:\/\/diariodocomercio.com.br\/mix\/wp-json\/wp\/v2\/posts\/43121\/revisions\/43123"}],"wp:featuredmedia":[{"embeddable":true,"href":"https:\/\/diariodocomercio.com.br\/mix\/wp-json\/wp\/v2\/media\/43122"}],"wp:attachment":[{"href":"https:\/\/diariodocomercio.com.br\/mix\/wp-json\/wp\/v2\/media?parent=43121"}],"wp:term":[{"taxonomy":"category","embeddable":true,"href":"https:\/\/diariodocomercio.com.br\/mix\/wp-json\/wp\/v2\/categories?post=43121"},{"taxonomy":"post_tag","embeddable":true,"href":"https:\/\/diariodocomercio.com.br\/mix\/wp-json\/wp\/v2\/tags?post=43121"}],"curies":[{"name":"wp","href":"https:\/\/api.w.org\/{rel}","templated":true}]}}