{"id":4316,"date":"2025-03-26T19:53:46","date_gmt":"2025-03-26T22:53:46","guid":{"rendered":"https:\/\/diariodocomercio.com.br\/mix\/?p=4316"},"modified":"2025-03-26T19:53:48","modified_gmt":"2025-03-26T22:53:48","slug":"esta-precisando-de-credito-para-a-sua-empresa-esse-programa-do-governo-promete-te-salvar","status":"publish","type":"post","link":"https:\/\/diariodocomercio.com.br\/mix\/esta-precisando-de-credito-para-a-sua-empresa-esse-programa-do-governo-promete-te-salvar\/","title":{"rendered":"Est\u00e1 precisando de cr\u00e9dito para a sua empresa? Esse programa do Governo promete te salvar!"},"content":{"rendered":"\n<p>Tem o sonho de come\u00e7ar o seu pr\u00f3prio neg\u00f3cio? No ano passado, o presidente Lula sancionou o Programa Acredita no Primeiro Passo, que abre cr\u00e9dito para microempresas e MEIs &#8211; microempreendedores individuais. O programa tamb\u00e9m estabelece o Desenrola Pequenos Neg\u00f3cios, para ajudar pequenos empres\u00e1rios, MEIs e sociedades cooperativas a renegociarem d\u00edvidas.<\/p>\n\n\n\n<p><em>\u201c\u00c9 um programa feito para os pequenos empreendedores, ele \u00e9 carimbado para essas pessoas, primeiro porque ele permite esse Desenrola, que \u00e9 uma maneira de voc\u00ea renegociar suas d\u00edvidas, os descontos acabam sendo na faixa de 90% a 95%, ent\u00e3o, muita gente aproveitou\u201d<\/em>, declarou o Ministro do Empreendedorismo, da Microempresa e da Empresa de Pequeno Porte do Brasil, M\u00e1rcio Fran\u00e7a, ao Bom Dia, Ministro, no ano passado.<\/p>\n\n\n\n<p><strong>Confira as a\u00e7\u00f5es do programa:<\/strong><\/p>\n\n\n\n<ul class=\"wp-block-list\">\n<li>Identificar pessoas cadastradas no Cadastro \u00danico e incentiv\u00e1-las a se inscrever no Portal do Programa Acredita no Primeiro Passo;<\/li>\n\n\n\n<li>Buscar novos parceiros para fortalecer a rede (outras entidades p\u00fablicas);<\/li>\n\n\n\n<li>Oferecer cursos de qualifica\u00e7\u00e3o no portal;<\/li>\n\n\n\n<li>Fornecer assist\u00eancia t\u00e9cnica e gerencial para empreendedorismo e estrutura\u00e7\u00e3o de neg\u00f3cios;<\/li>\n\n\n\n<li>Ampliar a oferta de servi\u00e7os financeiros, como acesso ao microcr\u00e9dito produtivo orientado e garantido;<\/li>\n\n\n\n<li>Coletar dados relevantes para o munic\u00edpio sobre vagas de emprego e cursos de qualifica\u00e7\u00e3o gratuitos na regi\u00e3o, al\u00e9m de outras informa\u00e7\u00f5es; e<\/li>\n\n\n\n<li>No setor privado, disponibilizar vagas de trabalho e contratar pessoas compat\u00edveis com o perfil da empresa.<\/li>\n<\/ul>\n\n\n\n<h2 class=\"wp-block-heading\">Quem pode participar do Programa Acredita no Primeiro Passo?<\/h2>\n\n\n\n<p>Para participar, \u00e9 preciso: <\/p>\n\n\n\n<ul class=\"wp-block-list\">\n<li>Ter entre 16 e 65 anos de idade;<\/li>\n\n\n\n<li>Manter informa\u00e7\u00f5es atualizadas no Cad\u00danico;<\/li>\n\n\n\n<li>Pessoas com defici\u00eancia, mulheres, jovens, negros e membros de popula\u00e7\u00f5es tradicionais e ribeirinhas s\u00e3o prioridade.<\/li>\n<\/ul>\n\n\n\n<style>@media (min-width: 992px) {\n    .recomendadorV2Area1 {\n        width: 280px;\n    }\n    .recomendadorV2Area2 {\n        padding: 0px 20px;\n        width: calc(100% - 280px);\n    }\n}\n\n@media (max-width: 992px) {\n    .recomendadorV2Button {\n        margin: 0 auto;\n    }\n    .recomendadorV2Area {\n        flex-direction: column;\n        text-align: center;\n    }\n    .recomendadorV2Area2 {\n        padding: 0px 20px;\n    }\n}\n\n.recomendadorV2Area {\n    background: #eeeeee3d;\n    border-radius: 10px;\n    padding: 15px;\n    display: flex;\n    margin: 15px auto;\n    border: 1px solid #00000014;\n    max-width: 800px;\n}\n\n.recomendadorV2Area1 img {\n    width: 280px;\n    height: auto;\n    border-radius: 8px;\n}\n\n.linkrecomendadorv2 {\n    text-decoration: none !important;\n}\n\n.recomendadorV2Area2 .recomendadorV2Type {\n    text-transform: uppercase;\n    font-weight: 500;\n    font-size: 11px;\n    letter-spacing: 2px;\n    color: #666;\n    margin: 12px 0;\n    display: block;\n}\n\n.recomendadorV2Title h2 {\n    padding-top: 0px !important;\n    margin: 0px !important;\n    border-left: none !important;\n    padding-left: 0px !important;\n    line-height: 1.3;\n    color: #000 !important;\n    font-size: 24px;\n    margin-bottom: 12px !important;\n}\n\n.recomendadorV2Desc {\n    color: #333;\n    margin: 12px 0px !important;\n    font-size: 15px;\n    line-height: 1.5;\n}\n\n.recomendadorV2Button {\n    width: auto;\n    max-width: 200px;\n    margin: 0;\n    display: inline-flex;\n    align-items: center;\n    background: #1D3557;\n    border-radius: 8px;\n    color: #fff;\n    height: 36px;\n    justify-content: center;\n    text-align: center;\n    font-size: 14px;\n    padding: 0 20px;\n    transition: background-color 0.2s ease;\n}\n\n.recomendadorV2Button:hover {\n    background: #2a4d7a;\n}\n\n.recomendadorV2Button:after {\n    margin-top: -2px;\n    content: \"\u2192\";\n    padding: 0px 0px 0px 8px;\n}\n\n.recomendadorV2Alert {\n    text-align: left;\n    font-size: 11px;\n    margin-top: 8px;\n    color: #666;\n}\n\n.recomendadorFixedArea {\n    width: 100%;\n    display: flex;\n    justify-content: center;\n    align-items: center;\n}\n\n@media (min-width: 992px) {\n    #recomendadorFixed {\n        width: 32% !important;\n        left: 5%;\n    }\n    .recomendadorCloseFixed{\n        right: inherit !important;\n        left: 378px !important;\n    }\n}\n\n#recomendadorFixed {\n    width: 90%;\n    box-shadow: 0 10px 20px 0px #00000057;\n    display: none;\n    height: 90px;\n    background: #F6F6F6;\n    position: fixed;\n    flex-direction: row;\n    bottom: 10px;\n    z-index: 9999;\n    border-radius: 16px;\n    padding: 7px 10px;\n}\n\n.recomendadorLeftArea {\n    width: 160px;\n}\n\n.recomendadorRightArea h2 {\n    padding-top: 0px;\n    margin: 2px 0px 4px 0px !important;\n    font-weight: 400;\n    text-align: center;\n    padding-left: 0px !important;\n    color: #000 !important;\n    border-left: none !important;\n    line-height: 20px;\n    font-size: 12px !important;\n}\n\n.recomendadorImgFixed {\n    overflow: hidden;\n    padding: 8px 6px;\n    height: 100%;\n}\n\n.recomendadorImgFixed img {\n    height: 100% !important;\n    border-radius: 16px;\n}\n\n.recomendadorRightArea {\n    padding-top: 6px;\n    display: flex;\n    width: calc(100% - 130px);\n    justify-content: space-between;\n    align-items: center;\n    flex-direction: column;\n}\n\n.recomendadorButtonFixed {\n    margin: 0 auto;\n    background: #1D3557;\n    width: 80%;\n    text-align: center;\n    font-size: 10px;\n    color: #FFF;\n    padding: 2px 10px;\n    border-radius: 3px;\n}\n\n.recomendadorButtonFixed:after {\n    margin-top: -3px;\n    content: \"\u2192\";\n    padding: 0px 0px 0px 10px;\n}\n\n.recomendadorAlertFixed {\n    font-weight: 400;\n    text-align: center;\n    color: #484848;\n    font-size: 8px;\n}\n\n.recomendadorCloseFixed {\n    z-index: 99999;\n    display: none;\n    right: 0px;\n    left: inherit;\n    bottom: 99px;\n    position: fixed;\n    justify-content: center;\n    background: #F6F6F6;\n    width: 25px;\n    align-items: center;\n    height: 25px;\n    font-weight: 800;\n    border-radius: 50%;\n    border: 1px solid #EBEBEB;\n}\n\n.recomendadorV2Desc{\n    color: #000000;\n    margin: 20px 0px;\n}\n\n@media (max-width: 576px) {\n    .recomendadorV2Area {\n      padding: 10px;\n      max-width: 100%;\n    }\n  \n    .recomendadorV2Area1 img {\n      width: 100%;\n      border-radius: 6px;\n    }\n  \n    .recomendadorV2Area2 .recomendadorV2Type {\n      font-size: 9px;\n      letter-spacing: 1px;\n      margin: 8px 0;\n    }\n  \n    .recomendadorV2Title h2 {\n      font-size: 18px !important;\n      margin-bottom: 8px !important;\n      line-height: 1.2;\n    }\n  \n    .recomendadorV2Desc {\n      font-size: 14px;\n      margin: 8px 0 !important;\n      line-height: 1.4;\n    }\n  \n    .recomendadorV2Button {\n      font-size: 14px;\n      height: 40px;\n      padding: 0 12px;\n      max-width: 100%;\n      width: 100%;\n    }\n  \n    .recomendadorV2Button:after {\n      padding-left: 6px;\n    }\n  }\n  <\/style>\n        <div class=\"lazyblock-recomendador-v2-2jDGz wp-block-lazyblock-recomendador-v2\">\n        <a class=\"linkrecomendadorv2\" href=\"https:\/\/diariodocomercio.com.br\/mix\/modalidade-que-combina-viagem-com-trabalho-vira-febre-em-2025\/\">\n            <div class=\"recomendadorV2Area\">\n            <div class=\"recomendadorV2Area1\">\n                <div class=\"recomendadorV2Img\">\n                <img class=\"lazyloaded\" decoding=\"async\" src=\"https:\/\/diariodocomercio.com.br\/mix\/wp-content\/uploads\/2025\/03\/trabalho.jpg\" data-src=\"https:\/\/diariodocomercio.com.br\/mix\/wp-content\/uploads\/2025\/03\/trabalho.jpg\" alt=\"\">\n                <\/div>\n            <\/div>\n            <div class=\"recomendadorV2Area2\">\n                <div class=\"recomendadorV2Type\">\n                    <span>TRABALHO<\/span>\n                <\/div>\n                <div class=\"recomendadorV2Title\">\n                <h2><span>Modalidade que combina viagem com trabalho vira febre em 2025<\/span><\/h2>\n                <\/div>\n                <div class=\"recomendadorV2Desc\">\n                <span>Viagem com trabalho? A tend\u00eancia &quot;blended travel&quot; \u2013 ou &quot;bleisure&quot; \u2013 tem ganhado mais popularidade entre as empresas, entenda como funciona.<\/span>\n                <\/div>\n                <div class=\"recomendadorV2Button\">Leia mais<\/div>\n                <div class=\"recomendadorV2Alert\"><\/div>\n            <\/div>\n            <\/div>\n        <\/a>\n        <div>\n            <div style=\"z-index:99999;\" id=\"buttonClose\" onclick=\"closeRecomendadorFixed()\">\n            <div class=\"recomendadorCloseFixed\">X<\/div>\n            <\/div>\n            <a href=\"https:\/\/diariodocomercio.com.br\/mix\/modalidade-que-combina-viagem-com-trabalho-vira-febre-em-2025\/\">\n            <div class=\"recomendadorFixedArea\">\n                <div id=\"recomendadorFixed\">\n                <div class=\"recomendadorLeftArea\">\n                    <div class=\"recomendadorImgFixed\">\n                    <img class=\"lazyload\" decoding=\"async\" src=\"https:\/\/diariodocomercio.com.br\/mix\/wp-content\/uploads\/2025\/03\/trabalho.jpg\" alt=\"\">\n                    <\/div>\n                <\/div>\n                <div class=\"recomendadorRightArea\">\n                    <div class=\"recomendadorTitleFixed\">\n                    <h2><span>Modalidade que combina viagem com trabalho vira febre em 2025<\/span><\/h2>\n                    <\/div>\n                    <div class=\"recomendadorButtonFixed\">Leia mais<\/div>\n                    <div class=\"recomendadorAlertFixed\"><\/div>\n                <\/div>\n                <\/div>\n            <\/div>\n            <\/a>\n        <\/div>\n        <\/div>\n","protected":false},"excerpt":{"rendered":"<p>O Programa Acredita no Primeiro Passo abre cr\u00e9ditos para voc\u00ea, MEI ou que abriu uma pequena empresa. Saiba mais sobre o programa.<\/p>\n","protected":false},"author":6,"featured_media":4248,"comment_status":"closed","ping_status":"closed","sticky":false,"template":"","format":"standard","meta":{"jnews-multi-image_gallery":[],"jnews_single_post":{"format":"standard"},"jnews_primary_category":[],"jnews_social_meta":[],"jnews_override_counter":[],"jnews_post_split":[],"footnotes":""},"categories":[1],"tags":[],"class_list":["post-4316","post","type-post","status-publish","format-standard","has-post-thumbnail","hentry","category-geral"],"_referencia":"","_links":{"self":[{"href":"https:\/\/diariodocomercio.com.br\/mix\/wp-json\/wp\/v2\/posts\/4316","targetHints":{"allow":["GET"]}}],"collection":[{"href":"https:\/\/diariodocomercio.com.br\/mix\/wp-json\/wp\/v2\/posts"}],"about":[{"href":"https:\/\/diariodocomercio.com.br\/mix\/wp-json\/wp\/v2\/types\/post"}],"author":[{"embeddable":true,"href":"https:\/\/diariodocomercio.com.br\/mix\/wp-json\/wp\/v2\/users\/6"}],"replies":[{"embeddable":true,"href":"https:\/\/diariodocomercio.com.br\/mix\/wp-json\/wp\/v2\/comments?post=4316"}],"version-history":[{"count":1,"href":"https:\/\/diariodocomercio.com.br\/mix\/wp-json\/wp\/v2\/posts\/4316\/revisions"}],"predecessor-version":[{"id":4318,"href":"https:\/\/diariodocomercio.com.br\/mix\/wp-json\/wp\/v2\/posts\/4316\/revisions\/4318"}],"wp:featuredmedia":[{"embeddable":true,"href":"https:\/\/diariodocomercio.com.br\/mix\/wp-json\/wp\/v2\/media\/4248"}],"wp:attachment":[{"href":"https:\/\/diariodocomercio.com.br\/mix\/wp-json\/wp\/v2\/media?parent=4316"}],"wp:term":[{"taxonomy":"category","embeddable":true,"href":"https:\/\/diariodocomercio.com.br\/mix\/wp-json\/wp\/v2\/categories?post=4316"},{"taxonomy":"post_tag","embeddable":true,"href":"https:\/\/diariodocomercio.com.br\/mix\/wp-json\/wp\/v2\/tags?post=4316"}],"curies":[{"name":"wp","href":"https:\/\/api.w.org\/{rel}","templated":true}]}}