{"id":43161,"date":"2026-05-01T14:37:00","date_gmt":"2026-05-01T17:37:00","guid":{"rendered":"https:\/\/diariodocomercio.com.br\/mix\/?p=43161"},"modified":"2026-05-01T15:10:44","modified_gmt":"2026-05-01T18:10:44","slug":"correios-passam-por-reestruturacao-encerra-operacao-em-unidades-e-acumula-divida-de-r-85-bilhoes","status":"publish","type":"post","link":"https:\/\/diariodocomercio.com.br\/mix\/correios-passam-por-reestruturacao-encerra-operacao-em-unidades-e-acumula-divida-de-r-85-bilhoes\/","title":{"rendered":"Correios passam por reestrutura\u00e7\u00e3o, encerram opera\u00e7\u00e3o em unidades e acumulam d\u00edvida de R$ 8,5 bilh\u00f5es"},"content":{"rendered":"\n<p>A Correios registrou preju\u00edzo de R$ 8,5 bilh\u00f5es em 2025, segundo balan\u00e7o financeiro divulgado nesta quinta-feira (23). O resultado representa um aumento expressivo em rela\u00e7\u00e3o a 2024, quando as perdas foram de R$ 2,6 bilh\u00f5es, consolidando uma sequ\u00eancia de resultados negativos iniciada em 2022.<\/p>\n\n\n\n<p>De acordo com a estatal, o rombo foi impulsionado principalmente pelo aumento dos custos operacionais e pelo crescimento das despesas com processos judiciais, que somaram R$ 6,4 bilh\u00f5es, com destaque para a\u00e7\u00f5es trabalhistas relacionadas a adicionais e condi\u00e7\u00f5es de trabalho.<\/p>\n\n\n\n<p>Al\u00e9m do preju\u00edzo elevado, a empresa tamb\u00e9m registrou queda na arrecada\u00e7\u00e3o. A receita bruta totalizou R$ 17,3 bilh\u00f5es em 2025, uma retra\u00e7\u00e3o de 11,35% na compara\u00e7\u00e3o com o ano anterior.<\/p>\n\n\n\n<p>O impacto financeiro se refletiu diretamente no patrim\u00f4nio l\u00edquido, que encerrou o per\u00edodo negativo em R$ 13,1 bilh\u00f5es. Esse cen\u00e1rio refor\u00e7a o desafio enfrentado pela estatal, que j\u00e1 acumula quatro anos consecutivos de perdas ap\u00f3s registrar lucro em 2021.<\/p>\n\n\n\n<h2 class=\"wp-block-heading\"><strong>Reestrutura\u00e7\u00e3o e fechamento de unidades<\/strong><\/h2>\n\n\n\n<p>Diante do agravamento das contas, os Correios colocaram em pr\u00e1tica um plano de reestrutura\u00e7\u00e3o financeira. Entre as medidas adotadas est\u00e1 o fechamento de cerca de 16% das ag\u00eancias, al\u00e9m da venda de im\u00f3veis sem uso operacional, com expectativa de gerar at\u00e9 R$ 1,5 bilh\u00e3o em receitas extras.<\/p>\n\n\n\n<p>A empresa tamb\u00e9m reabriu um Programa de Demiss\u00e3o Volunt\u00e1ria (PDV) em 2026, que resultou na ades\u00e3o de 3.181 funcion\u00e1rios \u2014 n\u00famero abaixo da expectativa inicial, que era superior a 10 mil desligamentos.<\/p>\n\n\n\n<p>Para enfrentar a crise de liquidez, a estatal contratou uma opera\u00e7\u00e3o de cr\u00e9dito de R$ 12 bilh\u00f5es junto a institui\u00e7\u00f5es financeiras no fim de 2025. O valor foi utilizado principalmente para cobrir despesas emergenciais e regularizar pagamentos atrasados a fornecedores.<\/p>\n\n\n\n<p>Ainda h\u00e1 negocia\u00e7\u00f5es em andamento para uma poss\u00edvel capitaliza\u00e7\u00e3o adicional de at\u00e9 R$ 8 bilh\u00f5es, embora a dire\u00e7\u00e3o da empresa indique que, no momento, n\u00e3o h\u00e1 necessidade imediata de novos aportes.<\/p>\n\n\n\n<h2 class=\"wp-block-heading\"><strong>Press\u00e3o do mercado e desafios futuros<\/strong><\/h2>\n\n\n\n<p>A estatal tamb\u00e9m enfrenta aumento da concorr\u00eancia no setor log\u00edstico, especialmente com o avan\u00e7o do com\u00e9rcio eletr\u00f4nico, o que pressiona suas receitas e exige moderniza\u00e7\u00e3o dos servi\u00e7os.<\/p>\n\n\n\n<p>Segundo a dire\u00e7\u00e3o dos Correios, o plano de reestrutura\u00e7\u00e3o segue em fases e busca restabelecer o equil\u00edbrio financeiro da empresa, com foco na previsibilidade de caixa, redu\u00e7\u00e3o de despesas e recupera\u00e7\u00e3o da credibilidade no mercado.<\/p>\n","protected":false},"excerpt":{"rendered":"<p>A Correios registrou preju\u00edzo de R$ 8,5 bilh\u00f5es em 2025, segundo balan\u00e7o financeiro divulgado nesta quinta-feira (23). O resultado representa um aumento expressivo em rela\u00e7\u00e3o a 2024, quando as perdas foram de R$ 2,6 bilh\u00f5es, consolidando uma sequ\u00eancia de resultados negativos iniciada em 2022. De acordo com a estatal, o rombo foi impulsionado principalmente pelo [&hellip;]<\/p>\n","protected":false},"author":9,"featured_media":11741,"comment_status":"closed","ping_status":"closed","sticky":false,"template":"","format":"standard","meta":{"jnews-multi-image_gallery":[],"jnews_single_post":{"format":"standard"},"jnews_primary_category":[],"jnews_social_meta":[],"jnews_override_counter":[],"jnews_post_split":[],"footnotes":""},"categories":[1],"tags":[],"class_list":["post-43161","post","type-post","status-publish","format-standard","has-post-thumbnail","hentry","category-geral"],"_referencia":"","_links":{"self":[{"href":"https:\/\/diariodocomercio.com.br\/mix\/wp-json\/wp\/v2\/posts\/43161","targetHints":{"allow":["GET"]}}],"collection":[{"href":"https:\/\/diariodocomercio.com.br\/mix\/wp-json\/wp\/v2\/posts"}],"about":[{"href":"https:\/\/diariodocomercio.com.br\/mix\/wp-json\/wp\/v2\/types\/post"}],"author":[{"embeddable":true,"href":"https:\/\/diariodocomercio.com.br\/mix\/wp-json\/wp\/v2\/users\/9"}],"replies":[{"embeddable":true,"href":"https:\/\/diariodocomercio.com.br\/mix\/wp-json\/wp\/v2\/comments?post=43161"}],"version-history":[{"count":2,"href":"https:\/\/diariodocomercio.com.br\/mix\/wp-json\/wp\/v2\/posts\/43161\/revisions"}],"predecessor-version":[{"id":43840,"href":"https:\/\/diariodocomercio.com.br\/mix\/wp-json\/wp\/v2\/posts\/43161\/revisions\/43840"}],"wp:featuredmedia":[{"embeddable":true,"href":"https:\/\/diariodocomercio.com.br\/mix\/wp-json\/wp\/v2\/media\/11741"}],"wp:attachment":[{"href":"https:\/\/diariodocomercio.com.br\/mix\/wp-json\/wp\/v2\/media?parent=43161"}],"wp:term":[{"taxonomy":"category","embeddable":true,"href":"https:\/\/diariodocomercio.com.br\/mix\/wp-json\/wp\/v2\/categories?post=43161"},{"taxonomy":"post_tag","embeddable":true,"href":"https:\/\/diariodocomercio.com.br\/mix\/wp-json\/wp\/v2\/tags?post=43161"}],"curies":[{"name":"wp","href":"https:\/\/api.w.org\/{rel}","templated":true}]}}