{"id":43169,"date":"2026-05-01T15:42:00","date_gmt":"2026-05-01T18:42:00","guid":{"rendered":"https:\/\/diariodocomercio.com.br\/mix\/?p=43169"},"modified":"2026-04-24T16:08:17","modified_gmt":"2026-04-24T19:08:17","slug":"apos-decisao-conta-essencial-ficara-mais-cara-em-9-estados-do-brasil","status":"publish","type":"post","link":"https:\/\/diariodocomercio.com.br\/mix\/apos-decisao-conta-essencial-ficara-mais-cara-em-9-estados-do-brasil\/","title":{"rendered":"Ap\u00f3s decis\u00e3o, conta essencial ficar\u00e1 mais cara em 9 estados do Brasil"},"content":{"rendered":"\n<p>A Ag\u00eancia Nacional de Energia El\u00e9trica aprovou reajustes nas tarifas de energia el\u00e9trica que v\u00e3o impactar consumidores de nove estados brasileiros. A decis\u00e3o, tomada nesta quarta-feira (22), atinge cerca de 21,95 milh\u00f5es de unidades consumidoras, o equivalente a quase 50 milh\u00f5es de pessoas.<\/p>\n\n\n\n<p>Os aumentos j\u00e1 come\u00e7am a valer e variam conforme a distribuidora e o perfil de consumo, com m\u00e9dia nacional estimada em aproximadamente 8%, \u00edndice superior \u00e0 infla\u00e7\u00e3o projetada para o per\u00edodo.<\/p>\n\n\n\n<p>Entre as concession\u00e1rias com maior reajuste est\u00e1 a CPFL Santa Cruz, que atende munic\u00edpios de S\u00e3o Paulo, Minas Gerais e Paran\u00e1. Para consumidores residenciais (baixa tens\u00e3o), o aumento chega a 17,86%, enquanto ind\u00fastrias e grandes clientes (alta tens\u00e3o) ter\u00e3o reajuste de 9,71%.<\/p>\n\n\n\n<p>J\u00e1 a Energisa Mato Grosso do Sul registrou eleva\u00e7\u00e3o m\u00e9dia pr\u00f3xima de 12%, com impacto tanto para consumidores residenciais quanto para empresas. No interior paulista, a CPFL Paulista ter\u00e1 reajuste de at\u00e9 9,25% para resid\u00eancias e 18,75% para alta tens\u00e3o.<\/p>\n\n\n\n<p>Outras distribuidoras nas regi\u00f5es Nordeste e Centro-Oeste tamb\u00e9m tiveram aumentos autorizados, com varia\u00e7\u00f5es entre cerca de 5% e 12%.<\/p>\n\n\n\n<h2 class=\"wp-block-heading\"><strong>Motivos para o aumento<\/strong><\/h2>\n\n\n\n<p>Segundo especialistas do setor, os reajustes refletem fatores estruturais, como o aumento de encargos inclu\u00eddos na conta de luz, subs\u00eddios a fontes de energia e custos operacionais das distribuidoras.<\/p>\n\n\n\n<p>Al\u00e9m disso, a retirada de mecanismos tempor\u00e1rios que haviam reduzido tarifas em anos anteriores tamb\u00e9m contribuiu para a eleva\u00e7\u00e3o dos pre\u00e7os.<\/p>\n\n\n\n<h2 class=\"wp-block-heading\"><strong>Impacto econ\u00f4mico e preocupa\u00e7\u00e3o do governo<\/strong><\/h2>\n\n\n\n<p>O aumento da conta de luz \u00e9 considerado sens\u00edvel do ponto de vista econ\u00f4mico, j\u00e1 que influencia diretamente a infla\u00e7\u00e3o e o custo de vida da popula\u00e7\u00e3o. Diante disso, o governo federal chegou a avaliar medidas para reduzir o impacto, como a concess\u00e3o de cr\u00e9dito \u00e0s distribuidoras por meio do Banco Nacional de Desenvolvimento Econ\u00f4mico e Social, mas a proposta n\u00e3o avan\u00e7ou.<\/p>\n\n\n\n<p>A decis\u00e3o da Aneel ocorre em um momento de aten\u00e7\u00e3o sobre os custos do setor el\u00e9trico, especialmente diante do crescimento de subs\u00eddios e encargos que s\u00e3o repassados aos consumidores.<\/p>\n\n\n\n<p>Somadas, as distribuidoras afetadas atendem milh\u00f5es de consumidores em estados das regi\u00f5es Sudeste, Nordeste e Centro-Oeste. O efeito pr\u00e1tico ser\u00e1 percebido j\u00e1 nas pr\u00f3ximas faturas de energia, com impacto direto no or\u00e7amento das fam\u00edlias e empresas.<\/p>\n","protected":false},"excerpt":{"rendered":"<p>A Ag\u00eancia Nacional de Energia El\u00e9trica aprovou reajustes nas tarifas de energia el\u00e9trica que v\u00e3o impactar consumidores de nove estados brasileiros. A decis\u00e3o, tomada nesta quarta-feira (22), atinge cerca de 21,95 milh\u00f5es de unidades consumidoras, o equivalente a quase 50 milh\u00f5es de pessoas. Os aumentos j\u00e1 come\u00e7am a valer e variam conforme a distribuidora e [&hellip;]<\/p>\n","protected":false},"author":9,"featured_media":25619,"comment_status":"closed","ping_status":"closed","sticky":false,"template":"","format":"standard","meta":{"jnews-multi-image_gallery":[],"jnews_single_post":{"format":"standard"},"jnews_primary_category":[],"jnews_social_meta":[],"jnews_override_counter":[],"jnews_post_split":[],"footnotes":""},"categories":[1],"tags":[],"class_list":["post-43169","post","type-post","status-publish","format-standard","has-post-thumbnail","hentry","category-geral"],"_referencia":"","_links":{"self":[{"href":"https:\/\/diariodocomercio.com.br\/mix\/wp-json\/wp\/v2\/posts\/43169","targetHints":{"allow":["GET"]}}],"collection":[{"href":"https:\/\/diariodocomercio.com.br\/mix\/wp-json\/wp\/v2\/posts"}],"about":[{"href":"https:\/\/diariodocomercio.com.br\/mix\/wp-json\/wp\/v2\/types\/post"}],"author":[{"embeddable":true,"href":"https:\/\/diariodocomercio.com.br\/mix\/wp-json\/wp\/v2\/users\/9"}],"replies":[{"embeddable":true,"href":"https:\/\/diariodocomercio.com.br\/mix\/wp-json\/wp\/v2\/comments?post=43169"}],"version-history":[{"count":1,"href":"https:\/\/diariodocomercio.com.br\/mix\/wp-json\/wp\/v2\/posts\/43169\/revisions"}],"predecessor-version":[{"id":43170,"href":"https:\/\/diariodocomercio.com.br\/mix\/wp-json\/wp\/v2\/posts\/43169\/revisions\/43170"}],"wp:featuredmedia":[{"embeddable":true,"href":"https:\/\/diariodocomercio.com.br\/mix\/wp-json\/wp\/v2\/media\/25619"}],"wp:attachment":[{"href":"https:\/\/diariodocomercio.com.br\/mix\/wp-json\/wp\/v2\/media?parent=43169"}],"wp:term":[{"taxonomy":"category","embeddable":true,"href":"https:\/\/diariodocomercio.com.br\/mix\/wp-json\/wp\/v2\/categories?post=43169"},{"taxonomy":"post_tag","embeddable":true,"href":"https:\/\/diariodocomercio.com.br\/mix\/wp-json\/wp\/v2\/tags?post=43169"}],"curies":[{"name":"wp","href":"https:\/\/api.w.org\/{rel}","templated":true}]}}