{"id":43194,"date":"2026-04-26T16:21:00","date_gmt":"2026-04-26T19:21:00","guid":{"rendered":"https:\/\/diariodocomercio.com.br\/mix\/?p=43194"},"modified":"2026-04-24T17:49:29","modified_gmt":"2026-04-24T20:49:29","slug":"decreto-publicado-pelo-governo-aumentou-em-quase-100-valor-minimo-no-brasil","status":"publish","type":"post","link":"https:\/\/diariodocomercio.com.br\/mix\/decreto-publicado-pelo-governo-aumentou-em-quase-100-valor-minimo-no-brasil\/","title":{"rendered":"Decreto publicado pelo governo aumentou em quase 100% valor m\u00ednimo no Brasil"},"content":{"rendered":"\n<p>O Supremo Tribunal Federal (STF) determinou em 23 de abril que o <strong>valor do m\u00ednimo existencial <\/strong>deve ser atualizado anualmente. Esta decis\u00e3o afeta diretamente os brasileiros em situa\u00e7\u00e3o de superendividamento.<\/p>\n\n\n\n<p>O m\u00ednimo existencial, atualmente fixado em <strong>R$ 600<\/strong>, corresponde \u00e0 parte da renda de uma pessoa que precisa ser protegida do pagamento de d\u00edvidas, garantindo a cobertura de suas despesas b\u00e1sicas.<\/p>\n\n\n\n<p>O Conselho Monet\u00e1rio Nacional (CMN) ser\u00e1 respons\u00e1vel por conduzir estudos t\u00e9cnicos anuais para avaliar a necessidade de atualiza\u00e7\u00e3o do valor. Este movimento visa assegurar que o m\u00ednimo existencial acompanhe a din\u00e2mica econ\u00f4mica do pa\u00eds.<\/p>\n\n\n\n<p>O foco \u00e9 garantir que essas pessoas possam manter suas necessidades b\u00e1sicas, como alimenta\u00e7\u00e3o e moradia, sem comprometer a subsist\u00eancia.<\/p>\n\n\n\n<p>No ano de 2022, o ent\u00e3o presidente Jair Bolsonaro (PL) publicou decreto presidencial que fixou como m\u00ednimo existencial o patamar de 25% do sal\u00e1rio m\u00ednimo, o que na \u00e9poca correspondia a <strong>R$ 303. <\/strong>Em 2023, o governo Lula publicou <strong>outro decreto, <\/strong>alterando o valor para R$ 600, quase o dobro.<\/p>\n\n\n\n<h2 class=\"wp-block-heading\">Impacto da atualiza\u00e7\u00e3o nas finan\u00e7as pessoais<\/h2>\n\n\n\n<p>O objetivo da atualiza\u00e7\u00e3o anual \u00e9 preservar uma parte da renda dos endividados para necessidades essenciais. Esta medida \u00e9 vista como uma resposta a questionamentos de associa\u00e7\u00f5es que criticavam a falta de flexibilidade de decretos anteriores em rela\u00e7\u00e3o \u00e0s flutua\u00e7\u00f5es econ\u00f4micas.<\/p>\n\n\n\n<p>A atualiza\u00e7\u00e3o permitir\u00e1 uma melhor adequa\u00e7\u00e3o \u00e0s condi\u00e7\u00f5es econ\u00f4micas vigentes, potencialmente melhorando a qualidade de vida dos consumidores superendividados.<\/p>\n\n\n\n<p>Com a decis\u00e3o do STF, o CMN dever\u00e1 considerar indicadores econ\u00f4micos como a infla\u00e7\u00e3o e a varia\u00e7\u00e3o do sal\u00e1rio m\u00ednimo ao avaliar a necessidade de ajustes no valor do m\u00ednimo existencial. Essa abordagem busca garantir que a renda protegida continue suficiente diante do aumento do custo de vida.<\/p>\n\n\n\n<h2 class=\"wp-block-heading\">Transpar\u00eancia&nbsp;<\/h2>\n\n\n\n<p>A decis\u00e3o tamb\u00e9m determina que o processo de atualiza\u00e7\u00e3o seja transparente, com o CMN divulgando suas conclus\u00f5es publicamente. Isso visa aumentar a confian\u00e7a no procedimento e assegurar a popula\u00e7\u00e3o sobre a imparcialidade dos ajustes.<\/p>\n\n\n\n<p>A expectativa \u00e9 que as primeiras revis\u00f5es ocorram em breve, garantindo que o valor seja mais congruente com a realidade econ\u00f4mica.<\/p>\n","protected":false},"excerpt":{"rendered":"<p>Governo Lula publicou decreto, alterando o valor.<\/p>\n","protected":false},"author":12,"featured_media":11603,"comment_status":"closed","ping_status":"closed","sticky":false,"template":"","format":"standard","meta":{"jnews-multi-image_gallery":[],"jnews_single_post":{"format":"standard"},"jnews_primary_category":[],"jnews_social_meta":[],"jnews_override_counter":[],"jnews_post_split":[],"footnotes":""},"categories":[1],"tags":[],"class_list":["post-43194","post","type-post","status-publish","format-standard","has-post-thumbnail","hentry","category-geral"],"_referencia":"","_links":{"self":[{"href":"https:\/\/diariodocomercio.com.br\/mix\/wp-json\/wp\/v2\/posts\/43194","targetHints":{"allow":["GET"]}}],"collection":[{"href":"https:\/\/diariodocomercio.com.br\/mix\/wp-json\/wp\/v2\/posts"}],"about":[{"href":"https:\/\/diariodocomercio.com.br\/mix\/wp-json\/wp\/v2\/types\/post"}],"author":[{"embeddable":true,"href":"https:\/\/diariodocomercio.com.br\/mix\/wp-json\/wp\/v2\/users\/12"}],"replies":[{"embeddable":true,"href":"https:\/\/diariodocomercio.com.br\/mix\/wp-json\/wp\/v2\/comments?post=43194"}],"version-history":[{"count":2,"href":"https:\/\/diariodocomercio.com.br\/mix\/wp-json\/wp\/v2\/posts\/43194\/revisions"}],"predecessor-version":[{"id":43196,"href":"https:\/\/diariodocomercio.com.br\/mix\/wp-json\/wp\/v2\/posts\/43194\/revisions\/43196"}],"wp:featuredmedia":[{"embeddable":true,"href":"https:\/\/diariodocomercio.com.br\/mix\/wp-json\/wp\/v2\/media\/11603"}],"wp:attachment":[{"href":"https:\/\/diariodocomercio.com.br\/mix\/wp-json\/wp\/v2\/media?parent=43194"}],"wp:term":[{"taxonomy":"category","embeddable":true,"href":"https:\/\/diariodocomercio.com.br\/mix\/wp-json\/wp\/v2\/categories?post=43194"},{"taxonomy":"post_tag","embeddable":true,"href":"https:\/\/diariodocomercio.com.br\/mix\/wp-json\/wp\/v2\/tags?post=43194"}],"curies":[{"name":"wp","href":"https:\/\/api.w.org\/{rel}","templated":true}]}}