{"id":43210,"date":"2026-04-26T20:31:00","date_gmt":"2026-04-26T23:31:00","guid":{"rendered":"https:\/\/diariodocomercio.com.br\/mix\/?p=43210"},"modified":"2026-04-24T18:26:37","modified_gmt":"2026-04-24T21:26:37","slug":"governo-cogita-criacao-de-novo-imposto-no-brasil","status":"publish","type":"post","link":"https:\/\/diariodocomercio.com.br\/mix\/governo-cogita-criacao-de-novo-imposto-no-brasil\/","title":{"rendered":"Governo cogita cria\u00e7\u00e3o de novo imposto no Brasil"},"content":{"rendered":"\n<p>O governo do Brasil estaria considerando implementar uma <strong>taxa sobre a exporta\u00e7\u00e3o de minerais cr\u00edticos pouco processados, <\/strong>como parte de uma pol\u00edtica nacional que visa agregar valor ao setor mineral. A informa\u00e7\u00e3o foi divulgada pela CNN Brasil.<\/p>\n\n\n\n<p>A proposta, supostamente discutida pelo governo federal, teria como objetivo desestimular a exporta\u00e7\u00e3o de mat\u00e9rias-primas em estado bruto, enquanto incentiva o beneficiamento e a industrializa\u00e7\u00e3o desses recursos dentro do pa\u00eds.<\/p>\n\n\n\n<p>Atualmente, a proposta de taxa\u00e7\u00e3o abrangeria diversos minerais. O governo ainda estaria debatendo internamente a implementa\u00e7\u00e3o dessa taxa, sem uma data oficial definida para sua aplica\u00e7\u00e3o. A medida buscaria posicionar o Brasil de maneira estrat\u00e9gica no mercado global de minerais cr\u00edticos.<\/p>\n\n\n\n<h2 class=\"wp-block-heading\">Produ\u00e7\u00e3o nacional<\/h2>\n\n\n\n<p>Al\u00e9m da poss\u00edvel taxa\u00e7\u00e3o, o governo estaria estudando mecanismos para incentivar o beneficiamento de minerais. Linhas de cr\u00e9dito do BNDES e a atra\u00e7\u00e3o de investimentos estrangeiros seriam medidas discutidas para fortalecer o setor.<\/p>\n\n\n\n<p>O Minist\u00e9rio de Minas e Energia lan\u00e7ou o Guia do Investidor para Minerais Cr\u00edticos. A industrializa\u00e7\u00e3o dos minerais cr\u00edticos tem potencial para gerar empregos e aumentar a receita interna.<\/p>\n\n\n\n<p>Contudo, a proposta de criar uma <strong>estatal <\/strong>para o setor perdeu for\u00e7a, gerando discuss\u00f5es sobre o papel do Estado na economia.<\/p>\n\n\n\n<p>A implementa\u00e7\u00e3o de uma taxa sobre a exporta\u00e7\u00e3o de minerais pode impactar significativamente a economia e as pr\u00e1ticas comerciais do Brasil. A proposta visa favorecer a produ\u00e7\u00e3o local, mas desafios como a competitividade internacional permanecem.&nbsp;<\/p>\n","protected":false},"excerpt":{"rendered":"<p>O governo do Brasil estaria considerando implementar uma nova taxa\u00e7\u00e3o.<\/p>\n","protected":false},"author":12,"featured_media":24429,"comment_status":"closed","ping_status":"closed","sticky":false,"template":"","format":"standard","meta":{"jnews-multi-image_gallery":[],"jnews_single_post":{"format":"standard"},"jnews_primary_category":[],"jnews_social_meta":[],"jnews_override_counter":[],"jnews_post_split":[],"footnotes":""},"categories":[1],"tags":[],"class_list":["post-43210","post","type-post","status-publish","format-standard","has-post-thumbnail","hentry","category-geral"],"_referencia":"","_links":{"self":[{"href":"https:\/\/diariodocomercio.com.br\/mix\/wp-json\/wp\/v2\/posts\/43210","targetHints":{"allow":["GET"]}}],"collection":[{"href":"https:\/\/diariodocomercio.com.br\/mix\/wp-json\/wp\/v2\/posts"}],"about":[{"href":"https:\/\/diariodocomercio.com.br\/mix\/wp-json\/wp\/v2\/types\/post"}],"author":[{"embeddable":true,"href":"https:\/\/diariodocomercio.com.br\/mix\/wp-json\/wp\/v2\/users\/12"}],"replies":[{"embeddable":true,"href":"https:\/\/diariodocomercio.com.br\/mix\/wp-json\/wp\/v2\/comments?post=43210"}],"version-history":[{"count":2,"href":"https:\/\/diariodocomercio.com.br\/mix\/wp-json\/wp\/v2\/posts\/43210\/revisions"}],"predecessor-version":[{"id":43214,"href":"https:\/\/diariodocomercio.com.br\/mix\/wp-json\/wp\/v2\/posts\/43210\/revisions\/43214"}],"wp:featuredmedia":[{"embeddable":true,"href":"https:\/\/diariodocomercio.com.br\/mix\/wp-json\/wp\/v2\/media\/24429"}],"wp:attachment":[{"href":"https:\/\/diariodocomercio.com.br\/mix\/wp-json\/wp\/v2\/media?parent=43210"}],"wp:term":[{"taxonomy":"category","embeddable":true,"href":"https:\/\/diariodocomercio.com.br\/mix\/wp-json\/wp\/v2\/categories?post=43210"},{"taxonomy":"post_tag","embeddable":true,"href":"https:\/\/diariodocomercio.com.br\/mix\/wp-json\/wp\/v2\/tags?post=43210"}],"curies":[{"name":"wp","href":"https:\/\/api.w.org\/{rel}","templated":true}]}}