{"id":43223,"date":"2026-05-01T16:24:00","date_gmt":"2026-05-01T19:24:00","guid":{"rendered":"https:\/\/diariodocomercio.com.br\/mix\/?p=43223"},"modified":"2026-04-24T19:05:24","modified_gmt":"2026-04-24T22:05:24","slug":"amazon-anuncia-encerramento-para-todos-os-brasileiros-a-partir-deste-mes","status":"publish","type":"post","link":"https:\/\/diariodocomercio.com.br\/mix\/amazon-anuncia-encerramento-para-todos-os-brasileiros-a-partir-deste-mes\/","title":{"rendered":"Amazon anuncia encerramento para todos os brasileiros a partir deste m\u00eas"},"content":{"rendered":"\n<p>Se voc\u00ea possui um <strong>Kindle <\/strong>lan\u00e7ado pela <strong>Amazon <\/strong>at\u00e9 2012, prepare-se para uma mudan\u00e7a significativa. A Amazon anunciou que, a partir de 20 de maio de 2026, <strong>descontinuar\u00e1 o suporte a esses dispositivos<\/strong>. Isso significa que usu\u00e1rios no mundo todo ser\u00e3o impactados, j\u00e1 que n\u00e3o ser\u00e1 mais poss\u00edvel comprar, emprestar ou baixar novos conte\u00fados pela Kindle Store nesses dispositivos.<\/p>\n\n\n\n<p>Essa decis\u00e3o reflete o movimento da Amazon em dire\u00e7\u00e3o a tecnologias mais modernas e conectadas, priorizando a seguran\u00e7a e a experi\u00eancia do usu\u00e1rio.<\/p>\n\n\n\n<p>A descontinua\u00e7\u00e3o afetar\u00e1 diretamente como os usu\u00e1rios interagem com seus Kindles antigos. A partir dessa data, os dispositivos perder\u00e3o funcionalidades essenciais, como a capacidade de se conectar \u00e0 Kindle Store.<\/p>\n\n\n\n<p>No entanto, ser\u00e1 poss\u00edvel <strong>continuar lendo livros j\u00e1 baixados<\/strong>, desde que o dispositivo n\u00e3o passe por um reset de f\u00e1brica. Essa transi\u00e7\u00e3o refor\u00e7a a necessidade de adapta\u00e7\u00e3o dos usu\u00e1rios \u00e0s novidades tecnol\u00f3gicas, uma vez que a Amazon est\u00e1 investindo em modelos mais avan\u00e7ados que atendem melhor \u00e0s demandas atuais.<\/p>\n\n\n\n<h2 class=\"wp-block-heading\">Impactos da descontinua\u00e7\u00e3o no dia a dia dos usu\u00e1rios<\/h2>\n\n\n\n<p>Com o suporte encerrado, os Kindles antigos perder\u00e3o o acesso \u00e0 loja Kindle diretamente. Esse marco representa o fim do ciclo de vida para esses dispositivos que estiveram em uso por cerca de 14 anos.<\/p>\n\n\n\n<p>Sem o suporte, a utiliza\u00e7\u00e3o desses modelos se tornar\u00e1 limitada. A leitura de livros previamente baixados ainda ser\u00e1 poss\u00edvel, mas os usu\u00e1rios precisam buscar alternativas para novos conte\u00fados.<\/p>\n\n\n\n<p>Mesmo sem o suporte de novas funcionalidades, os usu\u00e1rios de Kindles obsoletos t\u00eam op\u00e7\u00f5es. Uma solu\u00e7\u00e3o \u00e9 utilizar o aplicativo Kindle dispon\u00edvel para dispositivos m\u00f3veis e computadores. Isso permite que a leitura continue a partir da biblioteca existente ou com novos downloads. A aquisi\u00e7\u00e3o de um Kindle mais recente \u00e9 outra alternativa vi\u00e1vel, oferecendo o acesso total \u00e0 Kindle Store.<\/p>\n","protected":false},"excerpt":{"rendered":"<p>O encerramento afetar\u00e1 diretamente usu\u00e1rios.<\/p>\n","protected":false},"author":12,"featured_media":10378,"comment_status":"closed","ping_status":"closed","sticky":false,"template":"","format":"standard","meta":{"jnews-multi-image_gallery":[],"jnews_single_post":{"format":"standard"},"jnews_primary_category":[],"jnews_social_meta":[],"jnews_override_counter":[],"jnews_post_split":[],"footnotes":""},"categories":[1],"tags":[],"class_list":["post-43223","post","type-post","status-publish","format-standard","has-post-thumbnail","hentry","category-geral"],"_referencia":"","_links":{"self":[{"href":"https:\/\/diariodocomercio.com.br\/mix\/wp-json\/wp\/v2\/posts\/43223","targetHints":{"allow":["GET"]}}],"collection":[{"href":"https:\/\/diariodocomercio.com.br\/mix\/wp-json\/wp\/v2\/posts"}],"about":[{"href":"https:\/\/diariodocomercio.com.br\/mix\/wp-json\/wp\/v2\/types\/post"}],"author":[{"embeddable":true,"href":"https:\/\/diariodocomercio.com.br\/mix\/wp-json\/wp\/v2\/users\/12"}],"replies":[{"embeddable":true,"href":"https:\/\/diariodocomercio.com.br\/mix\/wp-json\/wp\/v2\/comments?post=43223"}],"version-history":[{"count":2,"href":"https:\/\/diariodocomercio.com.br\/mix\/wp-json\/wp\/v2\/posts\/43223\/revisions"}],"predecessor-version":[{"id":43226,"href":"https:\/\/diariodocomercio.com.br\/mix\/wp-json\/wp\/v2\/posts\/43223\/revisions\/43226"}],"wp:featuredmedia":[{"embeddable":true,"href":"https:\/\/diariodocomercio.com.br\/mix\/wp-json\/wp\/v2\/media\/10378"}],"wp:attachment":[{"href":"https:\/\/diariodocomercio.com.br\/mix\/wp-json\/wp\/v2\/media?parent=43223"}],"wp:term":[{"taxonomy":"category","embeddable":true,"href":"https:\/\/diariodocomercio.com.br\/mix\/wp-json\/wp\/v2\/categories?post=43223"},{"taxonomy":"post_tag","embeddable":true,"href":"https:\/\/diariodocomercio.com.br\/mix\/wp-json\/wp\/v2\/tags?post=43223"}],"curies":[{"name":"wp","href":"https:\/\/api.w.org\/{rel}","templated":true}]}}