{"id":43247,"date":"2026-04-27T10:11:00","date_gmt":"2026-04-27T13:11:00","guid":{"rendered":"https:\/\/diariodocomercio.com.br\/mix\/?p=43247"},"modified":"2026-04-27T09:56:01","modified_gmt":"2026-04-27T12:56:01","slug":"agua-com-gas-pode-prejudicar-a-saude-dos-seus-dentes-revelam-cientistas","status":"publish","type":"post","link":"https:\/\/diariodocomercio.com.br\/mix\/agua-com-gas-pode-prejudicar-a-saude-dos-seus-dentes-revelam-cientistas\/","title":{"rendered":"\u00c1gua com g\u00e1s pode prejudicar a sa\u00fade dos seus dentes, revelam cientistas"},"content":{"rendered":"\n<p>O consumo de \u00e1gua com g\u00e1s, frequentemente visto como alternativa mais saud\u00e1vel aos refrigerantes, pode trazer riscos \u00e0 sa\u00fade bucal quando ingerido em excesso. Pesquisas e especialistas alertam que a bebida, apesar de popular, possui acidez suficiente para afetar o esmalte dos dentes ao longo do tempo.<\/p>\n\n\n\n<p>De acordo com o dentista <a href=\"https:\/\/www.foodbible.com\/health\/dentist-warns-why-he-never-drinks-fizzy-water-539766-20250909\" target=\"_blank\" rel=\"noopener\">Praveen Sharma<\/a>, da University of Birmingham, o processo de carbonata\u00e7\u00e3o, respons\u00e1vel pelas bolhas, aumenta a acidez da \u00e1gua. Isso ocorre pela forma\u00e7\u00e3o do \u00e1cido carb\u00f4nico, subst\u00e2ncia que, embora leve, pode causar desgaste gradual dos dentes.<\/p>\n\n\n\n<p>Especialistas explicam que o principal problema est\u00e1 no contato frequente com bebidas \u00e1cidas. Segundo <a href=\"https:\/\/www.ladbible.com\/lifestyle\/food-and-drink\/sparkling-water-warning-dangers-soft-drink-896080-20250913\" target=\"_blank\" rel=\"noopener\">Ben Atkins<\/a>, da Oral Health Foundation, o \u00e1cido presente na \u00e1gua com g\u00e1s pode \u201ccorroer\u201d lentamente o esmalte dent\u00e1rio.<\/p>\n\n\n\n<p>Esse processo, chamado de eros\u00e3o, remove minerais essenciais da superf\u00edcie dos dentes, tornando-os mais fr\u00e1geis e suscet\u00edveis a danos e c\u00e1ries. Ao longo dos anos, essa perda pode ser significativa, especialmente em pessoas que consomem a bebida com frequ\u00eancia.<\/p>\n\n\n\n<h2 class=\"wp-block-heading\"><strong>Vers\u00f5es com sabor s\u00e3o mais prejudiciais<\/strong><\/h2>\n\n\n\n<p>Embora a \u00e1gua com g\u00e1s sem aditivos seja considerada apenas levemente \u00e1cida e, em geral, segura quando consumida com modera\u00e7\u00e3o, as vers\u00f5es saborizadas representam maior risco.<\/p>\n\n\n\n<p>Essas bebidas podem ser mais de 100 vezes mais \u00e1cidas e, em alguns casos, cont\u00eam a\u00e7\u00facares adicionados. De acordo com a professora Margherita Fontana, da University of Michigan, o a\u00e7\u00facar alimenta bact\u00e9rias presentes na boca, que produzem ainda mais \u00e1cido, aumentando o risco de c\u00e1ries.<\/p>\n\n\n\n<h2 class=\"wp-block-heading\"><strong>Saliva ajuda, mas n\u00e3o elimina o risco<\/strong><\/h2>\n\n\n\n<p>O organismo possui mecanismos naturais de prote\u00e7\u00e3o. A saliva, por exemplo, ajuda a neutralizar a acidez e a repor minerais perdidos. No entanto, pessoas com produ\u00e7\u00e3o reduzida de saliva, como idosos ou pacientes com certas doen\u00e7as, podem estar mais vulner\u00e1veis aos efeitos das bebidas gaseificadas.<\/p>\n\n\n\n<p>Dentistas orientam algumas medidas simples para quem n\u00e3o abre m\u00e3o da \u00e1gua com g\u00e1s:<\/p>\n\n\n\n<ul class=\"wp-block-list\">\n<li>Consumir a bebida junto \u00e0s refei\u00e7\u00f5es, quando h\u00e1 maior produ\u00e7\u00e3o de saliva;<\/li>\n\n\n\n<li>Evitar escovar os dentes imediatamente ap\u00f3s o consumo \u2014 o ideal \u00e9 aguardar cerca de 30 minutos;<\/li>\n\n\n\n<li>Beber \u00e1gua comum em seguida, para ajudar a neutralizar o \u00e1cido;<\/li>\n\n\n\n<li>Utilizar canudos, reduzindo o contato direto com os dentes.<\/li>\n<\/ul>\n\n\n\n<p>Apesar dos poss\u00edveis impactos, especialistas refor\u00e7am que o consumo moderado, especialmente da vers\u00e3o sem sabor e sem a\u00e7\u00facar, n\u00e3o costuma representar riscos significativos. Ainda assim, a recomenda\u00e7\u00e3o \u00e9 manter acompanhamento odontol\u00f3gico regular para prevenir problemas a longo prazo.<\/p>\n","protected":false},"excerpt":{"rendered":"<p>O consumo de \u00e1gua com g\u00e1s, frequentemente visto como alternativa mais saud\u00e1vel aos refrigerantes, pode trazer riscos \u00e0 sa\u00fade bucal quando ingerido em excesso. Pesquisas e especialistas alertam que a bebida, apesar de popular, possui acidez suficiente para afetar o esmalte dos dentes ao longo do tempo. De acordo com o dentista Praveen Sharma, da [&hellip;]<\/p>\n","protected":false},"author":9,"featured_media":43248,"comment_status":"closed","ping_status":"closed","sticky":false,"template":"","format":"standard","meta":{"jnews-multi-image_gallery":[],"jnews_single_post":{"format":"standard"},"jnews_primary_category":[],"jnews_social_meta":[],"jnews_override_counter":[],"jnews_post_split":[],"footnotes":""},"categories":[1],"tags":[],"class_list":["post-43247","post","type-post","status-publish","format-standard","has-post-thumbnail","hentry","category-geral"],"_referencia":"","_links":{"self":[{"href":"https:\/\/diariodocomercio.com.br\/mix\/wp-json\/wp\/v2\/posts\/43247","targetHints":{"allow":["GET"]}}],"collection":[{"href":"https:\/\/diariodocomercio.com.br\/mix\/wp-json\/wp\/v2\/posts"}],"about":[{"href":"https:\/\/diariodocomercio.com.br\/mix\/wp-json\/wp\/v2\/types\/post"}],"author":[{"embeddable":true,"href":"https:\/\/diariodocomercio.com.br\/mix\/wp-json\/wp\/v2\/users\/9"}],"replies":[{"embeddable":true,"href":"https:\/\/diariodocomercio.com.br\/mix\/wp-json\/wp\/v2\/comments?post=43247"}],"version-history":[{"count":1,"href":"https:\/\/diariodocomercio.com.br\/mix\/wp-json\/wp\/v2\/posts\/43247\/revisions"}],"predecessor-version":[{"id":43249,"href":"https:\/\/diariodocomercio.com.br\/mix\/wp-json\/wp\/v2\/posts\/43247\/revisions\/43249"}],"wp:featuredmedia":[{"embeddable":true,"href":"https:\/\/diariodocomercio.com.br\/mix\/wp-json\/wp\/v2\/media\/43248"}],"wp:attachment":[{"href":"https:\/\/diariodocomercio.com.br\/mix\/wp-json\/wp\/v2\/media?parent=43247"}],"wp:term":[{"taxonomy":"category","embeddable":true,"href":"https:\/\/diariodocomercio.com.br\/mix\/wp-json\/wp\/v2\/categories?post=43247"},{"taxonomy":"post_tag","embeddable":true,"href":"https:\/\/diariodocomercio.com.br\/mix\/wp-json\/wp\/v2\/tags?post=43247"}],"curies":[{"name":"wp","href":"https:\/\/api.w.org\/{rel}","templated":true}]}}