{"id":43250,"date":"2026-05-01T18:01:00","date_gmt":"2026-05-01T21:01:00","guid":{"rendered":"https:\/\/diariodocomercio.com.br\/mix\/?p=43250"},"modified":"2026-04-27T10:02:34","modified_gmt":"2026-04-27T13:02:34","slug":"nao-bastasse-aumento-na-conta-de-luz-brasileiros-vao-pagar-mais-caro-tambem-para-cozinhar","status":"publish","type":"post","link":"https:\/\/diariodocomercio.com.br\/mix\/nao-bastasse-aumento-na-conta-de-luz-brasileiros-vao-pagar-mais-caro-tambem-para-cozinhar\/","title":{"rendered":"N\u00e3o bastasse aumento na conta de luz, brasileiros v\u00e3o pagar mais caro tamb\u00e9m para cozinhar"},"content":{"rendered":"\n<p>O aumento recente nas tarifas de energia el\u00e9trica no Brasil deve pesar ainda mais no or\u00e7amento das fam\u00edlias, que j\u00e1 enfrentam a alta nos pre\u00e7os de alimentos b\u00e1sicos, como a carne bovina. A combina\u00e7\u00e3o desses fatores tende a encarecer n\u00e3o apenas a conta de luz, mas tamb\u00e9m o custo de preparar refei\u00e7\u00f5es no dia a dia.<\/p>\n\n\n\n<p>Na \u00faltima quarta-feira (22), a Ag\u00eancia Nacional de Energia El\u00e9trica aprovou reajustes tarif\u00e1rios que atingem consumidores em nove estados. Os aumentos variam entre 5% e 15%, dependendo da distribuidora e da classe de consumo, impactando mais de 22 milh\u00f5es de unidades consumidoras em todo o pa\u00eds.<\/p>\n\n\n\n<p>Segundo a ag\u00eancia reguladora, os reajustes foram impulsionados principalmente pelo aumento dos encargos setoriais, al\u00e9m dos custos de compra e transmiss\u00e3o de energia. O impacto \u00e9 imediato e afeta tanto resid\u00eancias quanto empresas, com reflexos diretos no custo de vida.<\/p>\n\n\n\n<p>O encarecimento da energia tamb\u00e9m afeta indiretamente o pre\u00e7o de alimentos, j\u00e1 que eleva os custos de produ\u00e7\u00e3o, armazenamento e distribui\u00e7\u00e3o.<\/p>\n\n\n\n<h2 class=\"wp-block-heading\"><strong>Carne bovina segue em alta no Brasil<\/strong><\/h2>\n\n\n\n<p>Ao mesmo tempo, o pre\u00e7o da carne bovina continua elevado e deve permanecer assim ao longo de 2026. Entre os fatores que sustentam essa alta est\u00e3o a redu\u00e7\u00e3o na oferta de animais para abate e mudan\u00e7as no mercado internacional.<\/p>\n\n\n\n<p>A China, principal destino da carne brasileira, passou a impor uma cota anual de importa\u00e7\u00e3o a partir de 2026. O limite \u00e9 de 1,106 milh\u00e3o de toneladas por ano, com taxa\u00e7\u00e3o elevada, de at\u00e9 55%, para volumes excedentes.<\/p>\n\n\n<div class=\"wp-block-image\">\n<figure class=\"aligncenter size-full\"><img decoding=\"async\" width=\"1086\" height=\"652\" src=\"https:\/\/diariodocomercio.com.br\/mix\/wp-content\/uploads\/2025\/07\/image-99.png\" alt=\"Carne frigor\u00edfico\" class=\"wp-image-13064\" srcset=\"https:\/\/diariodocomercio.com.br\/mix\/wp-content\/uploads\/2025\/07\/image-99.png 1086w, https:\/\/diariodocomercio.com.br\/mix\/wp-content\/uploads\/2025\/07\/image-99-300x180.png 300w, https:\/\/diariodocomercio.com.br\/mix\/wp-content\/uploads\/2025\/07\/image-99-768x461.png 768w, https:\/\/diariodocomercio.com.br\/mix\/wp-content\/uploads\/2025\/07\/image-99-150x90.png 150w, https:\/\/diariodocomercio.com.br\/mix\/wp-content\/uploads\/2025\/07\/image-99-750x450.png 750w\" sizes=\"(max-width: 1086px) 100vw, 1086px\" \/><figcaption class=\"wp-element-caption\">(Reprodu\u00e7\u00e3o\/PA)<\/figcaption><\/figure>\n<\/div>\n\n\n<p>Apesar de, \u00e0 primeira vista, a medida sugerir maior oferta no mercado interno, o efeito tende a ser o oposto. Para evitar preju\u00edzos, frigor\u00edficos podem reduzir o ritmo de abate, diminuindo a disponibilidade de carne e mantendo os pre\u00e7os elevados.<\/p>\n\n\n\n<h2 class=\"wp-block-heading\"><strong>Ciclo pecu\u00e1rio e custos de produ\u00e7\u00e3o influenciam pre\u00e7os<\/strong><\/h2>\n\n\n\n<p>Outro fator relevante \u00e9 o ciclo da pecu\u00e1ria. Com a valoriza\u00e7\u00e3o da arroba do boi gordo, que j\u00e1 atinge n\u00edveis elevados em importantes polos produtores, muitos pecuaristas optam por reter matrizes para reprodu\u00e7\u00e3o, reduzindo a oferta de animais prontos para abate.<\/p>\n\n\n\n<p>Esse movimento, somado ao aumento dos custos de produ\u00e7\u00e3o, contribui para a manuten\u00e7\u00e3o dos pre\u00e7os em patamares altos por per\u00edodos prolongados.<\/p>\n\n\n\n<p>Dados do Centro de Estudos Avan\u00e7ados em Economia Aplicada mostram que a diferen\u00e7a entre a carne bovina e outras prote\u00ednas aumentou significativamente. Atualmente, o valor de 1 quilo de carne bovina equivale a cerca de 2,46 quilos de carne su\u00edna, evidenciando o encarecimento relativo do produto.<\/p>\n\n\n\n<p>Com energia el\u00e9trica mais cara e alimentos essenciais em alta, o impacto no or\u00e7amento das fam\u00edlias tende a ser ampliado. O cen\u00e1rio pressiona principalmente as camadas de menor renda, que destinam maior parte dos ganhos a despesas b\u00e1sicas.<\/p>\n","protected":false},"excerpt":{"rendered":"<p>O aumento recente nas tarifas de energia el\u00e9trica no Brasil deve pesar ainda mais no or\u00e7amento das fam\u00edlias, que j\u00e1 enfrentam a alta nos pre\u00e7os de alimentos b\u00e1sicos, como a carne bovina. A combina\u00e7\u00e3o desses fatores tende a encarecer n\u00e3o apenas a conta de luz, mas tamb\u00e9m o custo de preparar refei\u00e7\u00f5es no dia a [&hellip;]<\/p>\n","protected":false},"author":9,"featured_media":32404,"comment_status":"closed","ping_status":"closed","sticky":false,"template":"","format":"standard","meta":{"jnews-multi-image_gallery":[],"jnews_single_post":{"format":"standard"},"jnews_primary_category":[],"jnews_social_meta":[],"jnews_override_counter":[],"jnews_post_split":[],"footnotes":""},"categories":[1],"tags":[],"class_list":["post-43250","post","type-post","status-publish","format-standard","has-post-thumbnail","hentry","category-geral"],"_referencia":"","_links":{"self":[{"href":"https:\/\/diariodocomercio.com.br\/mix\/wp-json\/wp\/v2\/posts\/43250","targetHints":{"allow":["GET"]}}],"collection":[{"href":"https:\/\/diariodocomercio.com.br\/mix\/wp-json\/wp\/v2\/posts"}],"about":[{"href":"https:\/\/diariodocomercio.com.br\/mix\/wp-json\/wp\/v2\/types\/post"}],"author":[{"embeddable":true,"href":"https:\/\/diariodocomercio.com.br\/mix\/wp-json\/wp\/v2\/users\/9"}],"replies":[{"embeddable":true,"href":"https:\/\/diariodocomercio.com.br\/mix\/wp-json\/wp\/v2\/comments?post=43250"}],"version-history":[{"count":1,"href":"https:\/\/diariodocomercio.com.br\/mix\/wp-json\/wp\/v2\/posts\/43250\/revisions"}],"predecessor-version":[{"id":43251,"href":"https:\/\/diariodocomercio.com.br\/mix\/wp-json\/wp\/v2\/posts\/43250\/revisions\/43251"}],"wp:featuredmedia":[{"embeddable":true,"href":"https:\/\/diariodocomercio.com.br\/mix\/wp-json\/wp\/v2\/media\/32404"}],"wp:attachment":[{"href":"https:\/\/diariodocomercio.com.br\/mix\/wp-json\/wp\/v2\/media?parent=43250"}],"wp:term":[{"taxonomy":"category","embeddable":true,"href":"https:\/\/diariodocomercio.com.br\/mix\/wp-json\/wp\/v2\/categories?post=43250"},{"taxonomy":"post_tag","embeddable":true,"href":"https:\/\/diariodocomercio.com.br\/mix\/wp-json\/wp\/v2\/tags?post=43250"}],"curies":[{"name":"wp","href":"https:\/\/api.w.org\/{rel}","templated":true}]}}