{"id":43252,"date":"2026-04-27T10:32:00","date_gmt":"2026-04-27T13:32:00","guid":{"rendered":"https:\/\/diariodocomercio.com.br\/mix\/?p=43252"},"modified":"2026-04-27T10:08:36","modified_gmt":"2026-04-27T13:08:36","slug":"show-de-shakira-sera-cancelado-no-rio-apos-morte-de-serralheiro-confirmado","status":"publish","type":"post","link":"https:\/\/diariodocomercio.com.br\/mix\/show-de-shakira-sera-cancelado-no-rio-apos-morte-de-serralheiro-confirmado\/","title":{"rendered":"Show de Shakira ser\u00e1 cancelado no Rio ap\u00f3s morte de serralheiro? Confirmado"},"content":{"rendered":"\n<p>O show da cantora Shakira, marcado para o pr\u00f3ximo s\u00e1bado (2) na Praia de Copacabana, no Rio de Janeiro, est\u00e1 confirmado e n\u00e3o ser\u00e1 cancelado, apesar da morte de um trabalhador durante a montagem da estrutura. A informa\u00e7\u00e3o foi refor\u00e7ada pela organiza\u00e7\u00e3o do evento, que afirmou que o cronograma segue dentro do previsto.<\/p>\n\n\n\n<p>O acidente ocorreu na \u00faltima semana e vitimou o serralheiro Gabriel de Jesus Firmino, de 28 anos, durante a instala\u00e7\u00e3o do palco. Segundo as autoridades, ele ficou preso entre equipamentos de eleva\u00e7\u00e3o enquanto trabalhava na montagem e n\u00e3o resistiu aos ferimentos ap\u00f3s ser socorrido.<\/p>\n\n\n\n<p>Nesta segunda-feira (27), a Pol\u00edcia Civil do Rio de Janeiro realiza uma nova per\u00edcia no local do acidente, na orla de Copacabana. Por conta disso, os trabalhos foram temporariamente interrompidos para garantir a apura\u00e7\u00e3o t\u00e9cnica.<\/p>\n\n\n\n<p>A investiga\u00e7\u00e3o est\u00e1 sob responsabilidade da 12\u00aa Delegacia de Pol\u00edcia (Copacabana), que apura se houve falhas nas condi\u00e7\u00f5es de seguran\u00e7a oferecidas aos trabalhadores. Entre as possibilidades analisadas est\u00e3o homic\u00eddio culposo, quando n\u00e3o h\u00e1 inten\u00e7\u00e3o de matar, ou at\u00e9 dolo eventual, caso seja comprovado que houve assun\u00e7\u00e3o de risco.<\/p>\n\n\n\n<figure class=\"wp-block-embed is-type-video is-provider-youtube wp-block-embed-youtube wp-embed-aspect-16-9 wp-has-aspect-ratio\"><div class=\"wp-block-embed__wrapper\">\n<div class=\"jeg_video_container jeg_video_content\"><iframe loading=\"lazy\" title=\"Trabalhador morre ap\u00f3s acidente durante montagem de palco de Shakira no Rio\" width=\"500\" height=\"281\" src=\"https:\/\/www.youtube.com\/embed\/FtDmfDcArdQ?feature=oembed\" frameborder=\"0\" allow=\"accelerometer; autoplay; clipboard-write; encrypted-media; gyroscope; picture-in-picture; web-share\" referrerpolicy=\"strict-origin-when-cross-origin\" allowfullscreen><\/iframe><\/div>\n<\/div><\/figure>\n\n\n\n<p>A produtora respons\u00e1vel pelo evento, a Bonus Track, informou que a paralisa\u00e7\u00e3o foi necess\u00e1ria para a per\u00edcia, mas n\u00e3o deve comprometer o andamento da montagem. Em nota, a empresa lamentou o ocorrido e afirmou prestar apoio \u00e0 fam\u00edlia da v\u00edtima e aos envolvidos.<\/p>\n\n\n\n<p>O Corpo de Bombeiros do Rio de Janeiro confirmou que o trabalhador sofreu esmagamento de membros inferiores durante o acidente. Ele foi levado ao Hospital Municipal Miguel Couto, mas morreu em decorr\u00eancia dos ferimentos.<\/p>\n\n\n\n<h2 class=\"wp-block-heading\"><strong>Expectativa de p\u00fablico e impacto na cidade<\/strong><\/h2>\n\n\n\n<p>O show faz parte do projeto \u201cTodo Mundo no Rio\u201d e deve reunir uma multid\u00e3o nas areias de Copacabana. A expectativa da Prefeitura \u00e9 superar o p\u00fablico registrado no espet\u00e1culo da Madonna em 2024, que atraiu cerca de 1,6 milh\u00e3o de pessoas.<\/p>\n\n\n\n<p>A estrutura do evento tamb\u00e9m chama aten\u00e7\u00e3o: o palco ter\u00e1 mais de 1.300 metros quadrados e contar\u00e1 com passarela de 25 metros, sendo considerado um dos maiores j\u00e1 montados para apresenta\u00e7\u00f5es gratuitas no pa\u00eds.<\/p>\n\n\n\n<p>Al\u00e9m disso, o impacto no turismo j\u00e1 \u00e9 percept\u00edvel. A taxa de ocupa\u00e7\u00e3o hoteleira na cidade gira em torno de 80%, com alta procura de turistas estrangeiros para o per\u00edodo do evento.<\/p>\n\n\n\n<h2 class=\"wp-block-heading\"><strong>Investiga\u00e7\u00e3o segue em andamento<\/strong><\/h2>\n\n\n\n<p>Enquanto os preparativos continuam, as autoridades mant\u00eam as investiga\u00e7\u00f5es para esclarecer as circunst\u00e2ncias do acidente. A conclus\u00e3o do inqu\u00e9rito dever\u00e1 apontar se houve falhas e poss\u00edveis responsabilidades pelo caso.<\/p>\n\n\n\n<p>Apesar da trag\u00e9dia, a realiza\u00e7\u00e3o do show est\u00e1 mantida, e a organiza\u00e7\u00e3o afirma que todas as medidas necess\u00e1rias est\u00e3o sendo adotadas para garantir a seguran\u00e7a dos trabalhadores e do p\u00fablico.<\/p>\n","protected":false},"excerpt":{"rendered":"<p>O show da cantora Shakira, marcado para o pr\u00f3ximo s\u00e1bado (2) na Praia de Copacabana, no Rio de Janeiro, est\u00e1 confirmado e n\u00e3o ser\u00e1 cancelado, apesar da morte de um trabalhador durante a montagem da estrutura. A informa\u00e7\u00e3o foi refor\u00e7ada pela organiza\u00e7\u00e3o do evento, que afirmou que o cronograma segue dentro do previsto. O acidente [&hellip;]<\/p>\n","protected":false},"author":9,"featured_media":43253,"comment_status":"closed","ping_status":"closed","sticky":false,"template":"","format":"standard","meta":{"jnews-multi-image_gallery":[],"jnews_single_post":{"format":"standard"},"jnews_primary_category":[],"jnews_social_meta":[],"jnews_override_counter":[],"jnews_post_split":[],"footnotes":""},"categories":[1],"tags":[],"class_list":["post-43252","post","type-post","status-publish","format-standard","has-post-thumbnail","hentry","category-geral"],"_referencia":"","_links":{"self":[{"href":"https:\/\/diariodocomercio.com.br\/mix\/wp-json\/wp\/v2\/posts\/43252","targetHints":{"allow":["GET"]}}],"collection":[{"href":"https:\/\/diariodocomercio.com.br\/mix\/wp-json\/wp\/v2\/posts"}],"about":[{"href":"https:\/\/diariodocomercio.com.br\/mix\/wp-json\/wp\/v2\/types\/post"}],"author":[{"embeddable":true,"href":"https:\/\/diariodocomercio.com.br\/mix\/wp-json\/wp\/v2\/users\/9"}],"replies":[{"embeddable":true,"href":"https:\/\/diariodocomercio.com.br\/mix\/wp-json\/wp\/v2\/comments?post=43252"}],"version-history":[{"count":1,"href":"https:\/\/diariodocomercio.com.br\/mix\/wp-json\/wp\/v2\/posts\/43252\/revisions"}],"predecessor-version":[{"id":43256,"href":"https:\/\/diariodocomercio.com.br\/mix\/wp-json\/wp\/v2\/posts\/43252\/revisions\/43256"}],"wp:featuredmedia":[{"embeddable":true,"href":"https:\/\/diariodocomercio.com.br\/mix\/wp-json\/wp\/v2\/media\/43253"}],"wp:attachment":[{"href":"https:\/\/diariodocomercio.com.br\/mix\/wp-json\/wp\/v2\/media?parent=43252"}],"wp:term":[{"taxonomy":"category","embeddable":true,"href":"https:\/\/diariodocomercio.com.br\/mix\/wp-json\/wp\/v2\/categories?post=43252"},{"taxonomy":"post_tag","embeddable":true,"href":"https:\/\/diariodocomercio.com.br\/mix\/wp-json\/wp\/v2\/tags?post=43252"}],"curies":[{"name":"wp","href":"https:\/\/api.w.org\/{rel}","templated":true}]}}