{"id":43257,"date":"2026-04-27T12:12:10","date_gmt":"2026-04-27T15:12:10","guid":{"rendered":"https:\/\/diariodocomercio.com.br\/mix\/?p=43257"},"modified":"2026-04-27T12:12:13","modified_gmt":"2026-04-27T15:12:13","slug":"lei-entra-em-vigor-no-brasil-e-trabalhadores-terao-direito-a-tres-dias-de-descanso-em-todo-o-pais","status":"publish","type":"post","link":"https:\/\/diariodocomercio.com.br\/mix\/lei-entra-em-vigor-no-brasil-e-trabalhadores-terao-direito-a-tres-dias-de-descanso-em-todo-o-pais\/","title":{"rendered":"Lei entra em vigor no Brasil e trabalhadores ter\u00e3o direito a tr\u00eas dias de descanso em todo o pa\u00eds"},"content":{"rendered":"\n<p>O feriado do Dia do Trabalhador, celebrado em todo o Brasil, assegura aos trabalhadores um dia de descanso obrigat\u00f3rio, conforme previsto na Consolida\u00e7\u00e3o das Leis do Trabalho. Em 2026, a data cai em uma sexta-feira, o que possibilita, para grande parte dos profissionais, um per\u00edodo de tr\u00eas dias consecutivos de folga, somando o fim de semana.<\/p>\n\n\n\n<p>Na pr\u00e1tica, isso significa que trabalhadores com carteira assinada t\u00eam direito \u00e0 interrup\u00e7\u00e3o das atividades laborais nesse dia, j\u00e1 que se trata de um feriado nacional v\u00e1lido em todos os estados e munic\u00edpios.<\/p>\n\n\n\n<p>O Dia do Trabalhador tem origem em movimentos oper\u00e1rios do s\u00e9culo XIX, especialmente ap\u00f3s uma greve realizada em Chicago, em 1886, que reivindicava melhores condi\u00e7\u00f5es de trabalho e a redu\u00e7\u00e3o da jornada di\u00e1ria para oito horas.<\/p>\n\n\n\n<p>No Brasil, a data foi oficializada como feriado nacional e passou a simbolizar a luta por direitos trabalhistas, posteriormente consolidados com a cria\u00e7\u00e3o da CLT, em 1943.<\/p>\n\n\n\n<h2 class=\"wp-block-heading\"><strong>Quem pode trabalhar no feriado<\/strong><\/h2>\n\n\n\n<p>Apesar da regra geral de descanso, a legisla\u00e7\u00e3o prev\u00ea exce\u00e7\u00f5es. Setores considerados essenciais, como sa\u00fade, seguran\u00e7a, transporte, energia, telecomunica\u00e7\u00f5es, entre outros, podem manter funcionamento normal.<\/p>\n\n\n\n<p>Al\u00e9m disso, empresas podem convocar funcion\u00e1rios para trabalhar no feriado desde que haja previs\u00e3o em acordo ou conven\u00e7\u00e3o coletiva. Nesses casos, o trabalhador tem direito a receber remunera\u00e7\u00e3o em dobro ou a compensa\u00e7\u00e3o com folga em outro dia.<\/p>\n\n\n\n<h2 class=\"wp-block-heading\"><strong>Regras variam conforme setor<\/strong><\/h2>\n\n\n\n<p>No com\u00e9rcio e em outras atividades, as condi\u00e7\u00f5es de funcionamento durante o feriado dependem de negocia\u00e7\u00f5es entre sindicatos e empregadores. Por isso, jornada, benef\u00edcios e compensa\u00e7\u00f5es podem variar conforme a categoria profissional e a regi\u00e3o.<\/p>\n\n\n\n<p>Caso o trabalhador seja escalado dentro das regras legais e se recuse a trabalhar sem justificativa, poder\u00e1 sofrer san\u00e7\u00f5es disciplinares. Por outro lado, se houver irregularidade na convoca\u00e7\u00e3o, ele pode buscar orienta\u00e7\u00e3o jur\u00eddica ou sindical.<\/p>\n\n\n\n<p>Ap\u00f3s o feriado de 1\u00ba de maio, a pr\u00f3xima data relevante \u00e9 Corpus Christi, em junho, que na maioria das cidades \u00e9 considerado ponto facultativo. J\u00e1 o pr\u00f3ximo feriado nacional obrigat\u00f3rio ser\u00e1 o Dia da Independ\u00eancia do Brasil, que em 2026 cair\u00e1 em uma segunda-feira, criando outro per\u00edodo prolongado de descanso.<\/p>\n","protected":false},"excerpt":{"rendered":"<p>O feriado do Dia do Trabalhador, celebrado em todo o Brasil, assegura aos trabalhadores um dia de descanso obrigat\u00f3rio, conforme previsto na Consolida\u00e7\u00e3o das Leis do Trabalho. Em 2026, a data cai em uma sexta-feira, o que possibilita, para grande parte dos profissionais, um per\u00edodo de tr\u00eas dias consecutivos de folga, somando o fim de [&hellip;]<\/p>\n","protected":false},"author":9,"featured_media":23966,"comment_status":"closed","ping_status":"closed","sticky":false,"template":"","format":"standard","meta":{"jnews-multi-image_gallery":[],"jnews_single_post":{"format":"standard"},"jnews_primary_category":[],"jnews_social_meta":[],"jnews_override_counter":[],"jnews_post_split":[],"footnotes":""},"categories":[1],"tags":[],"class_list":["post-43257","post","type-post","status-publish","format-standard","has-post-thumbnail","hentry","category-geral"],"_referencia":"","_links":{"self":[{"href":"https:\/\/diariodocomercio.com.br\/mix\/wp-json\/wp\/v2\/posts\/43257","targetHints":{"allow":["GET"]}}],"collection":[{"href":"https:\/\/diariodocomercio.com.br\/mix\/wp-json\/wp\/v2\/posts"}],"about":[{"href":"https:\/\/diariodocomercio.com.br\/mix\/wp-json\/wp\/v2\/types\/post"}],"author":[{"embeddable":true,"href":"https:\/\/diariodocomercio.com.br\/mix\/wp-json\/wp\/v2\/users\/9"}],"replies":[{"embeddable":true,"href":"https:\/\/diariodocomercio.com.br\/mix\/wp-json\/wp\/v2\/comments?post=43257"}],"version-history":[{"count":1,"href":"https:\/\/diariodocomercio.com.br\/mix\/wp-json\/wp\/v2\/posts\/43257\/revisions"}],"predecessor-version":[{"id":43258,"href":"https:\/\/diariodocomercio.com.br\/mix\/wp-json\/wp\/v2\/posts\/43257\/revisions\/43258"}],"wp:featuredmedia":[{"embeddable":true,"href":"https:\/\/diariodocomercio.com.br\/mix\/wp-json\/wp\/v2\/media\/23966"}],"wp:attachment":[{"href":"https:\/\/diariodocomercio.com.br\/mix\/wp-json\/wp\/v2\/media?parent=43257"}],"wp:term":[{"taxonomy":"category","embeddable":true,"href":"https:\/\/diariodocomercio.com.br\/mix\/wp-json\/wp\/v2\/categories?post=43257"},{"taxonomy":"post_tag","embeddable":true,"href":"https:\/\/diariodocomercio.com.br\/mix\/wp-json\/wp\/v2\/tags?post=43257"}],"curies":[{"name":"wp","href":"https:\/\/api.w.org\/{rel}","templated":true}]}}