{"id":43259,"date":"2026-04-27T12:35:00","date_gmt":"2026-04-27T15:35:00","guid":{"rendered":"https:\/\/diariodocomercio.com.br\/mix\/?p=43259"},"modified":"2026-04-27T12:35:03","modified_gmt":"2026-04-27T15:35:03","slug":"adeus-instagram-como-conhecemos-rede-social-prepara-versao-paga-e-usuarios-se-assustam-com-mudanca","status":"publish","type":"post","link":"https:\/\/diariodocomercio.com.br\/mix\/adeus-instagram-como-conhecemos-rede-social-prepara-versao-paga-e-usuarios-se-assustam-com-mudanca\/","title":{"rendered":"Adeus, Instagram como conhecemos: rede social prepara vers\u00e3o paga e usu\u00e1rios se assustam com mudan\u00e7a"},"content":{"rendered":"\n<p>O Instagram iniciou testes de uma vers\u00e3o paga com funcionalidades exclusivas para usu\u00e1rios, sinalizando uma poss\u00edvel mudan\u00e7a no modelo tradicional da plataforma. A novidade, ainda em fase experimental, tem gerado repercuss\u00e3o e preocupa\u00e7\u00e3o entre usu\u00e1rios acostumados ao acesso gratuito.<\/p>\n\n\n\n<p>A iniciativa faz parte de uma estrat\u00e9gia da Meta para diversificar suas fontes de receita, reduzindo a depend\u00eancia do modelo baseado em an\u00fancios.<\/p>\n\n\n\n<p>Batizado informalmente de \u201cInstagram Plus\u201d, o plano premium oferece uma s\u00e9rie de ferramentas adicionais. Entre elas, est\u00e1 a possibilidade de visualizar Stories de outros usu\u00e1rios de forma an\u00f4nima \u2014 sem que o autor saiba quem assistiu ao conte\u00fado.<\/p>\n\n\n\n<p>Outra funcionalidade em teste permite prolongar a dura\u00e7\u00e3o dos Stories por mais 24 horas, al\u00e9m do limite atual. Usu\u00e1rios pagantes tamb\u00e9m poder\u00e3o criar listas ilimitadas de p\u00fablico, organizando quem pode ver cada publica\u00e7\u00e3o de forma mais personalizada.<\/p>\n\n\n\n<p>H\u00e1 ainda recursos como destaque semanal de Stories para maior visibilidade, acesso facilitado \u00e0 lista de visualiza\u00e7\u00f5es e intera\u00e7\u00f5es diferenciadas, como \u201csuperlikes\u201d animados.<\/p>\n\n\n\n<h2 class=\"wp-block-heading\"><strong>Testes em outros pa\u00edses<\/strong><\/h2>\n\n\n\n<p>Segundo informa\u00e7\u00f5es divulgadas por plataformas especializadas, o novo modelo j\u00e1 est\u00e1 sendo testado em pa\u00edses como M\u00e9xico, Jap\u00e3o e Filipinas. Os valores variam conforme a regi\u00e3o, mas giram em torno de poucos d\u00f3lares por m\u00eas.<\/p>\n\n\n\n<p>A empresa n\u00e3o confirmou quando ou se o recurso ser\u00e1 expandido para outros mercados, incluindo o Brasil.<\/p>\n\n\n\n<h2 class=\"wp-block-heading\"><strong>Brasil \u00e9 mercado estrat\u00e9gico<\/strong><\/h2>\n\n\n\n<p>O poss\u00edvel lan\u00e7amento da vers\u00e3o paga ganha ainda mais relev\u00e2ncia diante da forte presen\u00e7a da rede social no pa\u00eds. Dados da plataforma NapoleonCat indicam que o Brasil conta com cerca de 146 milh\u00f5es de usu\u00e1rios do Instagram, o que representa aproximadamente 68,5% da popula\u00e7\u00e3o, segundo estimativas do IBGE.<\/p>\n\n\n\n<p>Al\u00e9m disso, uma pesquisa Consumer Pulse aponta que os brasileiros passam, em m\u00e9dia, mais de 9 horas por dia conectados \u00e0 internet, sendo mais de 3 horas dedicadas \u00e0s redes sociais, \u00edndice acima da m\u00e9dia global.<\/p>\n\n\n\n<p>A introdu\u00e7\u00e3o de uma vers\u00e3o paga gerou rea\u00e7\u00f5es mistas nas redes sociais. Parte dos usu\u00e1rios demonstra interesse nas novas funcionalidades, enquanto outros criticam a possibilidade de mais um servi\u00e7o por assinatura no cotidiano digital.<\/p>\n\n\n\n<p>Apesar disso, a proposta n\u00e3o substitui o uso gratuito da plataforma. O novo plano deve funcionar como uma camada adicional de recursos, semelhante a outros servi\u00e7os j\u00e1 oferecidos pela empresa, como o Meta Verified.<\/p>\n","protected":false},"excerpt":{"rendered":"<p>O Instagram iniciou testes de uma vers\u00e3o paga com funcionalidades exclusivas para usu\u00e1rios, sinalizando uma poss\u00edvel mudan\u00e7a no modelo tradicional da plataforma. A novidade, ainda em fase experimental, tem gerado repercuss\u00e3o e preocupa\u00e7\u00e3o entre usu\u00e1rios acostumados ao acesso gratuito. A iniciativa faz parte de uma estrat\u00e9gia da Meta para diversificar suas fontes de receita, reduzindo [&hellip;]<\/p>\n","protected":false},"author":9,"featured_media":37481,"comment_status":"closed","ping_status":"closed","sticky":false,"template":"","format":"standard","meta":{"jnews-multi-image_gallery":[],"jnews_single_post":{"format":"standard"},"jnews_primary_category":[],"jnews_social_meta":[],"jnews_override_counter":[],"jnews_post_split":[],"footnotes":""},"categories":[1],"tags":[],"class_list":["post-43259","post","type-post","status-publish","format-standard","has-post-thumbnail","hentry","category-geral"],"_referencia":"","_links":{"self":[{"href":"https:\/\/diariodocomercio.com.br\/mix\/wp-json\/wp\/v2\/posts\/43259","targetHints":{"allow":["GET"]}}],"collection":[{"href":"https:\/\/diariodocomercio.com.br\/mix\/wp-json\/wp\/v2\/posts"}],"about":[{"href":"https:\/\/diariodocomercio.com.br\/mix\/wp-json\/wp\/v2\/types\/post"}],"author":[{"embeddable":true,"href":"https:\/\/diariodocomercio.com.br\/mix\/wp-json\/wp\/v2\/users\/9"}],"replies":[{"embeddable":true,"href":"https:\/\/diariodocomercio.com.br\/mix\/wp-json\/wp\/v2\/comments?post=43259"}],"version-history":[{"count":1,"href":"https:\/\/diariodocomercio.com.br\/mix\/wp-json\/wp\/v2\/posts\/43259\/revisions"}],"predecessor-version":[{"id":43260,"href":"https:\/\/diariodocomercio.com.br\/mix\/wp-json\/wp\/v2\/posts\/43259\/revisions\/43260"}],"wp:featuredmedia":[{"embeddable":true,"href":"https:\/\/diariodocomercio.com.br\/mix\/wp-json\/wp\/v2\/media\/37481"}],"wp:attachment":[{"href":"https:\/\/diariodocomercio.com.br\/mix\/wp-json\/wp\/v2\/media?parent=43259"}],"wp:term":[{"taxonomy":"category","embeddable":true,"href":"https:\/\/diariodocomercio.com.br\/mix\/wp-json\/wp\/v2\/categories?post=43259"},{"taxonomy":"post_tag","embeddable":true,"href":"https:\/\/diariodocomercio.com.br\/mix\/wp-json\/wp\/v2\/tags?post=43259"}],"curies":[{"name":"wp","href":"https:\/\/api.w.org\/{rel}","templated":true}]}}