{"id":43261,"date":"2026-05-02T07:42:00","date_gmt":"2026-05-02T10:42:00","guid":{"rendered":"https:\/\/diariodocomercio.com.br\/mix\/?p=43261"},"modified":"2026-04-27T14:20:36","modified_gmt":"2026-04-27T17:20:36","slug":"governo-deve-criar-novo-bolsa-familia-antecipam-economistas","status":"publish","type":"post","link":"https:\/\/diariodocomercio.com.br\/mix\/governo-deve-criar-novo-bolsa-familia-antecipam-economistas\/","title":{"rendered":"Governo deve criar novo Bolsa Fam\u00edlia, antecipam economistas"},"content":{"rendered":"\n<p>Para os economistas, o Brasil re\u00fane condi\u00e7\u00f5es favor\u00e1veis para inovar em pol\u00edticas sociais, devido \u00e0 qualidade dos dados dispon\u00edveis e \u00e0 estrutura institucional consolidada. Nesse cen\u00e1rio, a ideia \u00e9 desenvolver um \u201cnovo Bolsa Fam\u00edlia\u201d, que incorpore aprendizados acumulados desde a cria\u00e7\u00e3o do programa.<\/p>\n\n\n\n<p>A discuss\u00e3o ocorre no contexto de iniciativas conduzidas por organiza\u00e7\u00f5es como o J-PAL, que atua em parceria com governos ao redor do mundo para testar e implementar pol\u00edticas p\u00fablicas mais eficazes.<\/p>\n\n\n\n<p>De acordo com Duflo para a revista Exame, o caminho mais produtivo n\u00e3o \u00e9 questionar a validade do programa, mas sim pensar em vers\u00f5es futuras mais eficientes. J\u00e1 Banerjee destaca que programas de transfer\u00eancia de renda bem estruturados continuam sendo ferramentas essenciais para reduzir desigualdades, especialmente em pa\u00edses com alta vulnerabilidade social.<\/p>\n\n\n\n<h2 class=\"wp-block-heading\"><strong>Bolsa Fam\u00edlia atual segue com ampla cobertura<\/strong><\/h2>\n\n\n\n<p>Enquanto o debate sobre mudan\u00e7as avan\u00e7a no campo t\u00e9cnico, o programa segue em opera\u00e7\u00e3o em larga escala. Atualmente, cerca de 18,9 milh\u00f5es de fam\u00edlias recebem o benef\u00edcio em todo o pa\u00eds, com valor m\u00e9dio de R$ 678,22 por m\u00eas.<\/p>\n\n\n\n<p>Al\u00e9m do valor base, o modelo atual inclui adicionais, como o Benef\u00edcio Primeira Inf\u00e2ncia, que destina R$ 150 por crian\u00e7a de at\u00e9 seis anos, e a chamada Regra de Prote\u00e7\u00e3o, que permite a perman\u00eancia tempor\u00e1ria no programa mesmo ap\u00f3s aumento de renda.<\/p>\n\n\n\n<p>Os dados mostram que o Bolsa Fam\u00edlia continua sendo uma das principais ferramentas de transfer\u00eancia de renda no Brasil, com impacto direto na economia local e no consumo das fam\u00edlias.<\/p>\n\n\n\n<h2 class=\"wp-block-heading\"><strong>Propostas devem considerar impacto econ\u00f4mico e social<\/strong><\/h2>\n\n\n\n<p>Especialistas apontam que qualquer mudan\u00e7a no programa precisa equilibrar responsabilidade fiscal e efetividade social. A cria\u00e7\u00e3o de novas vers\u00f5es, informalmente chamadas de \u201cBolsa Fam\u00edlia 2 ou 3\u201d, depender\u00e1 de testes, an\u00e1lises e decis\u00f5es pol\u00edticas.<\/p>\n\n\n\n<p>Al\u00e9m disso, o avan\u00e7o de tecnologias como a intelig\u00eancia artificial e as mudan\u00e7as no mercado de trabalho tamb\u00e9m entram no radar das discuss\u00f5es, j\u00e1 que podem afetar diretamente a renda de milh\u00f5es de brasileiros.<\/p>\n","protected":false},"excerpt":{"rendered":"<p>Para os economistas, o Brasil re\u00fane condi\u00e7\u00f5es favor\u00e1veis para inovar em pol\u00edticas sociais, devido \u00e0 qualidade dos dados dispon\u00edveis e \u00e0 estrutura institucional consolidada. Nesse cen\u00e1rio, a ideia \u00e9 desenvolver um \u201cnovo Bolsa Fam\u00edlia\u201d, que incorpore aprendizados acumulados desde a cria\u00e7\u00e3o do programa. A discuss\u00e3o ocorre no contexto de iniciativas conduzidas por organiza\u00e7\u00f5es como o [&hellip;]<\/p>\n","protected":false},"author":9,"featured_media":6538,"comment_status":"closed","ping_status":"closed","sticky":false,"template":"","format":"standard","meta":{"jnews-multi-image_gallery":[],"jnews_single_post":{"format":"standard"},"jnews_primary_category":[],"jnews_social_meta":[],"jnews_override_counter":[],"jnews_post_split":[],"footnotes":""},"categories":[1],"tags":[],"class_list":["post-43261","post","type-post","status-publish","format-standard","has-post-thumbnail","hentry","category-geral"],"_referencia":"","_links":{"self":[{"href":"https:\/\/diariodocomercio.com.br\/mix\/wp-json\/wp\/v2\/posts\/43261","targetHints":{"allow":["GET"]}}],"collection":[{"href":"https:\/\/diariodocomercio.com.br\/mix\/wp-json\/wp\/v2\/posts"}],"about":[{"href":"https:\/\/diariodocomercio.com.br\/mix\/wp-json\/wp\/v2\/types\/post"}],"author":[{"embeddable":true,"href":"https:\/\/diariodocomercio.com.br\/mix\/wp-json\/wp\/v2\/users\/9"}],"replies":[{"embeddable":true,"href":"https:\/\/diariodocomercio.com.br\/mix\/wp-json\/wp\/v2\/comments?post=43261"}],"version-history":[{"count":2,"href":"https:\/\/diariodocomercio.com.br\/mix\/wp-json\/wp\/v2\/posts\/43261\/revisions"}],"predecessor-version":[{"id":43285,"href":"https:\/\/diariodocomercio.com.br\/mix\/wp-json\/wp\/v2\/posts\/43261\/revisions\/43285"}],"wp:featuredmedia":[{"embeddable":true,"href":"https:\/\/diariodocomercio.com.br\/mix\/wp-json\/wp\/v2\/media\/6538"}],"wp:attachment":[{"href":"https:\/\/diariodocomercio.com.br\/mix\/wp-json\/wp\/v2\/media?parent=43261"}],"wp:term":[{"taxonomy":"category","embeddable":true,"href":"https:\/\/diariodocomercio.com.br\/mix\/wp-json\/wp\/v2\/categories?post=43261"},{"taxonomy":"post_tag","embeddable":true,"href":"https:\/\/diariodocomercio.com.br\/mix\/wp-json\/wp\/v2\/tags?post=43261"}],"curies":[{"name":"wp","href":"https:\/\/api.w.org\/{rel}","templated":true}]}}