{"id":43262,"date":"2026-04-27T12:26:09","date_gmt":"2026-04-27T15:26:09","guid":{"rendered":"https:\/\/diariodocomercio.com.br\/mix\/?p=43262"},"modified":"2026-04-27T12:26:12","modified_gmt":"2026-04-27T15:26:12","slug":"mudanca-confirmada-no-brasil-afeta-eleitores-e-exige-atencao","status":"publish","type":"post","link":"https:\/\/diariodocomercio.com.br\/mix\/mudanca-confirmada-no-brasil-afeta-eleitores-e-exige-atencao\/","title":{"rendered":"Mudan\u00e7a confirmada no Brasil afeta eleitores e exige aten\u00e7\u00e3o"},"content":{"rendered":"\n<p>Com o prazo final para a regulariza\u00e7\u00e3o do <strong>t\u00edtulo de eleitor<\/strong> em <strong>6 de maio,<\/strong> os cart\u00f3rios eleitorais do Par\u00e1 adotaram medidas emergenciais para atender \u00e0 alta demanda. Desde 20 de abril, as unidades de atendimento no estado passaram a operar em hor\u00e1rios estendidos.<\/p>\n\n\n\n<p>Os eleitores poder\u00e3o acessar os servi\u00e7os das 8h \u00e0s 16h at\u00e9 30 de abril. Entre 1\u00ba e 3 de maio, ocorrer\u00e1 um mutir\u00e3o com jornada das 8h \u00e0s 14h. Este esfor\u00e7o visa garantir que todos regularizem seus t\u00edtulos antes da data limite.<\/p>\n\n\n\n<p>Al\u00e9m disso, a iniciativa se justifica pela necessidade de atender ao crescente n\u00famero de eleitores que buscam cumprir suas obriga\u00e7\u00f5es eleitorais. Para intensificar o suporte ao p\u00fablico, de 4 a 6 de maio, os cart\u00f3rios funcionar\u00e3o das 8h \u00e0s 17h, oferecendo flexibilidade extra.<\/p>\n\n\n\n<h2 class=\"wp-block-heading\">Locais de atendimento no Par\u00e1<\/h2>\n\n\n\n<p>No Par\u00e1, os eleitores encontrar\u00e3o v\u00e1rias op\u00e7\u00f5es para regularizar a situa\u00e7\u00e3o eleitoral. O N\u00facleo de Atendimento ao Eleitor na TV Piraj\u00e1 e o Mangueirinho s\u00e3o algumas das unidades dispon\u00edveis.<\/p>\n\n\n\n<p>Outras op\u00e7\u00f5es incluem os postos em Mosqueiro, na Pra\u00e7a da Igreja Matriz, e no bairro Campina. A exce\u00e7\u00e3o \u00e9 o N\u00facleo de Atendimento ao Eleitor no bairro da Pedreira, em Bel\u00e9m, onde o agendamento pr\u00e9vio \u00e9 necess\u00e1rio.<\/p>\n\n\n\n<h2 class=\"wp-block-heading\">Estrat\u00e9gia em outras regi\u00f5es<\/h2>\n\n\n\n<p>A amplia\u00e7\u00e3o do hor\u00e1rio de atendimento n\u00e3o \u00e9 exclusiva do Par\u00e1. Outros estados, como S\u00e3o Paulo e Pernambuco, tamb\u00e9m adotaram medidas semelhantes.<\/p>\n\n\n\n<p>Em S\u00e3o Paulo, o atendimento ocorre das 9h \u00e0s 15h entre 1\u00ba e 3 de maio, e das 9h \u00e0s 17h entre 4 e 6 de maio. J\u00e1 em Pernambuco, os cart\u00f3rios operam todos os dias, incluindo fins de semana, at\u00e9 6 de maio.<\/p>\n\n\n\n<p>As a\u00e7\u00f5es tomadas em n\u00edvel nacional refletem a import\u00e2ncia de assegurar que todos os cidad\u00e3os possam participar do processo eleitoral. A adapta\u00e7\u00e3o dos servi\u00e7os busca responder prontamente a essa necessidade crescente.<\/p>\n","protected":false},"excerpt":{"rendered":"<p>Desde 20 de abril, unidades de atendimento passaram a operar em hor\u00e1rios estendidos.<\/p>\n","protected":false},"author":12,"featured_media":33099,"comment_status":"closed","ping_status":"closed","sticky":false,"template":"","format":"standard","meta":{"jnews-multi-image_gallery":[],"jnews_single_post":{"format":"standard"},"jnews_primary_category":[],"jnews_social_meta":[],"jnews_override_counter":[],"jnews_post_split":[],"footnotes":""},"categories":[1],"tags":[],"class_list":["post-43262","post","type-post","status-publish","format-standard","has-post-thumbnail","hentry","category-geral"],"_referencia":"","_links":{"self":[{"href":"https:\/\/diariodocomercio.com.br\/mix\/wp-json\/wp\/v2\/posts\/43262","targetHints":{"allow":["GET"]}}],"collection":[{"href":"https:\/\/diariodocomercio.com.br\/mix\/wp-json\/wp\/v2\/posts"}],"about":[{"href":"https:\/\/diariodocomercio.com.br\/mix\/wp-json\/wp\/v2\/types\/post"}],"author":[{"embeddable":true,"href":"https:\/\/diariodocomercio.com.br\/mix\/wp-json\/wp\/v2\/users\/12"}],"replies":[{"embeddable":true,"href":"https:\/\/diariodocomercio.com.br\/mix\/wp-json\/wp\/v2\/comments?post=43262"}],"version-history":[{"count":2,"href":"https:\/\/diariodocomercio.com.br\/mix\/wp-json\/wp\/v2\/posts\/43262\/revisions"}],"predecessor-version":[{"id":43267,"href":"https:\/\/diariodocomercio.com.br\/mix\/wp-json\/wp\/v2\/posts\/43262\/revisions\/43267"}],"wp:featuredmedia":[{"embeddable":true,"href":"https:\/\/diariodocomercio.com.br\/mix\/wp-json\/wp\/v2\/media\/33099"}],"wp:attachment":[{"href":"https:\/\/diariodocomercio.com.br\/mix\/wp-json\/wp\/v2\/media?parent=43262"}],"wp:term":[{"taxonomy":"category","embeddable":true,"href":"https:\/\/diariodocomercio.com.br\/mix\/wp-json\/wp\/v2\/categories?post=43262"},{"taxonomy":"post_tag","embeddable":true,"href":"https:\/\/diariodocomercio.com.br\/mix\/wp-json\/wp\/v2\/tags?post=43262"}],"curies":[{"name":"wp","href":"https:\/\/api.w.org\/{rel}","templated":true}]}}