{"id":43266,"date":"2026-04-27T12:57:00","date_gmt":"2026-04-27T15:57:00","guid":{"rendered":"https:\/\/diariodocomercio.com.br\/mix\/?p=43266"},"modified":"2026-04-27T12:26:54","modified_gmt":"2026-04-27T15:26:54","slug":"governo-confirma-decisao-e-brasileiros-podem-solicitar-beneficio-se-tiverem-feito-isso-dentro-do-prazo","status":"publish","type":"post","link":"https:\/\/diariodocomercio.com.br\/mix\/governo-confirma-decisao-e-brasileiros-podem-solicitar-beneficio-se-tiverem-feito-isso-dentro-do-prazo\/","title":{"rendered":"Governo confirma decis\u00e3o e brasileiros podem solicitar benef\u00edcio se tiverem feito isso dentro do prazo"},"content":{"rendered":"\n<p>O governo federal deve anunciar nesta ter\u00e7a-feira (28) medidas relacionadas \u00e0s multas aplicadas a motoristas que n\u00e3o pagaram ped\u00e1gios no sistema eletr\u00f4nico conhecido como <em>free flow<\/em>. A iniciativa envolve milh\u00f5es de autua\u00e7\u00f5es e pode beneficiar condutores que regularizaram ou deixaram pend\u00eancias dentro do prazo estabelecido.<\/p>\n\n\n\n<p>Segundo informa\u00e7\u00f5es do setor, mais de tr\u00eas milh\u00f5es de multas j\u00e1 foram registradas por evas\u00e3o de ped\u00e1gio em rodovias federais e estaduais. Cada infra\u00e7\u00e3o tem valor de R$ 195,23 e resulta em cinco pontos na Carteira Nacional de Habilita\u00e7\u00e3o (CNH).<\/p>\n\n\n\n<p>A proposta em discuss\u00e3o no \u00e2mbito do Conselho Nacional de Tr\u00e2nsito, ligado ao Minist\u00e9rio dos Transportes, prev\u00ea a suspens\u00e3o de multas ainda n\u00e3o quitadas, al\u00e9m da possibilidade de retirada de pontos da CNH nesses casos.<\/p>\n\n\n\n<p>No entanto, a Ag\u00eancia Nacional de Transportes Terrestres esclareceu que n\u00e3o houve cancelamento oficial das penalidades at\u00e9 o momento. O que est\u00e1 sendo avaliado \u00e9 uma medida t\u00e9cnica e tempor\u00e1ria, principalmente para ajustar falhas na integra\u00e7\u00e3o entre os sistemas de cobran\u00e7a das concession\u00e1rias.<\/p>\n\n\n\n<p>Ou seja, as multas seguem v\u00e1lidas e o pagamento do ped\u00e1gio continua obrigat\u00f3rio.<\/p>\n\n\n\n<h2 class=\"wp-block-heading\"><strong>Poss\u00edvel devolu\u00e7\u00e3o de valores pagos<\/strong><\/h2>\n\n\n\n<p>Outro ponto em discuss\u00e3o envolve motoristas que j\u00e1 quitaram as multas. Dados indicam que cerca de 476 mil infra\u00e7\u00f5es foram pagas, somando aproximadamente R$ 93 milh\u00f5es.<\/p>\n\n\n\n<p>O governo estuda formas de devolver esses valores, mas ainda n\u00e3o h\u00e1 defini\u00e7\u00e3o sobre como o processo ser\u00e1 feito. Quest\u00f5es or\u00e7ament\u00e1rias e operacionais est\u00e3o sendo analisadas junto \u00e0 Secretaria do Tesouro Nacional.<\/p>\n\n\n\n<h2 class=\"wp-block-heading\"><strong>Como funciona o sistema free flow<\/strong><\/h2>\n\n\n\n<p>No modelo de ped\u00e1gio eletr\u00f4nico, o motorista n\u00e3o precisa parar em pra\u00e7as f\u00edsicas. A cobran\u00e7a \u00e9 feita automaticamente por meio de p\u00f3rticos instalados nas rodovias.<\/p>\n\n\n\n<p>Ap\u00f3s passar pelo local, o condutor tem um prazo, geralmente de at\u00e9 30 dias, para efetuar o pagamento. Caso isso n\u00e3o ocorra, a infra\u00e7\u00e3o \u00e9 registrada.<\/p>\n\n\n\n<h2 class=\"wp-block-heading\"><strong>Sistema segue em funcionamento<\/strong><\/h2>\n\n\n\n<p>Apesar das discuss\u00f5es, o sistema de ped\u00e1gio eletr\u00f4nico continua ativo em todo o pa\u00eds, com regras j\u00e1 definidas, incluindo pagamento por diferentes meios, como PIX, cart\u00e3o e canais digitais.<\/p>\n\n\n\n<p>A tend\u00eancia, segundo entidades do setor, \u00e9 de redu\u00e7\u00e3o gradual da inadimpl\u00eancia \u00e0 medida que os motoristas se adaptam ao novo modelo.<\/p>\n\n\n\n<p>O an\u00fancio oficial deve esclarecer se haver\u00e1 suspens\u00e3o tempor\u00e1ria das multas pendentes, como ser\u00e1 feita a eventual devolu\u00e7\u00e3o de valores e de que forma os pontos na CNH ser\u00e3o tratados.<\/p>\n","protected":false},"excerpt":{"rendered":"<p>O governo federal deve anunciar nesta ter\u00e7a-feira (28) medidas relacionadas \u00e0s multas aplicadas a motoristas que n\u00e3o pagaram ped\u00e1gios no sistema eletr\u00f4nico conhecido como free flow. A iniciativa envolve milh\u00f5es de autua\u00e7\u00f5es e pode beneficiar condutores que regularizaram ou deixaram pend\u00eancias dentro do prazo estabelecido. Segundo informa\u00e7\u00f5es do setor, mais de tr\u00eas milh\u00f5es de multas [&hellip;]<\/p>\n","protected":false},"author":9,"featured_media":6554,"comment_status":"closed","ping_status":"closed","sticky":false,"template":"","format":"standard","meta":{"jnews-multi-image_gallery":[],"jnews_single_post":{"format":"standard"},"jnews_primary_category":[],"jnews_social_meta":[],"jnews_override_counter":[],"jnews_post_split":[],"footnotes":""},"categories":[1],"tags":[],"class_list":["post-43266","post","type-post","status-publish","format-standard","has-post-thumbnail","hentry","category-geral"],"_referencia":"","_links":{"self":[{"href":"https:\/\/diariodocomercio.com.br\/mix\/wp-json\/wp\/v2\/posts\/43266","targetHints":{"allow":["GET"]}}],"collection":[{"href":"https:\/\/diariodocomercio.com.br\/mix\/wp-json\/wp\/v2\/posts"}],"about":[{"href":"https:\/\/diariodocomercio.com.br\/mix\/wp-json\/wp\/v2\/types\/post"}],"author":[{"embeddable":true,"href":"https:\/\/diariodocomercio.com.br\/mix\/wp-json\/wp\/v2\/users\/9"}],"replies":[{"embeddable":true,"href":"https:\/\/diariodocomercio.com.br\/mix\/wp-json\/wp\/v2\/comments?post=43266"}],"version-history":[{"count":1,"href":"https:\/\/diariodocomercio.com.br\/mix\/wp-json\/wp\/v2\/posts\/43266\/revisions"}],"predecessor-version":[{"id":43269,"href":"https:\/\/diariodocomercio.com.br\/mix\/wp-json\/wp\/v2\/posts\/43266\/revisions\/43269"}],"wp:featuredmedia":[{"embeddable":true,"href":"https:\/\/diariodocomercio.com.br\/mix\/wp-json\/wp\/v2\/media\/6554"}],"wp:attachment":[{"href":"https:\/\/diariodocomercio.com.br\/mix\/wp-json\/wp\/v2\/media?parent=43266"}],"wp:term":[{"taxonomy":"category","embeddable":true,"href":"https:\/\/diariodocomercio.com.br\/mix\/wp-json\/wp\/v2\/categories?post=43266"},{"taxonomy":"post_tag","embeddable":true,"href":"https:\/\/diariodocomercio.com.br\/mix\/wp-json\/wp\/v2\/tags?post=43266"}],"curies":[{"name":"wp","href":"https:\/\/api.w.org\/{rel}","templated":true}]}}