{"id":43270,"date":"2026-04-27T13:16:00","date_gmt":"2026-04-27T16:16:00","guid":{"rendered":"https:\/\/diariodocomercio.com.br\/mix\/?p=43270"},"modified":"2026-04-27T12:33:58","modified_gmt":"2026-04-27T15:33:58","slug":"governo-confirma-beneficio-para-quem-ganha-ate-r-8-475-no-brasil","status":"publish","type":"post","link":"https:\/\/diariodocomercio.com.br\/mix\/governo-confirma-beneficio-para-quem-ganha-ate-r-8-475-no-brasil\/","title":{"rendered":"Governo confirma benef\u00edcio para quem ganha at\u00e9 R$ 8.475 no Brasil"},"content":{"rendered":"\n<p>O governo federal confirmou a atualiza\u00e7\u00e3o dos benef\u00edcios pagos pelo Instituto Nacional do Seguro Social, com impacto direto para quem recebe at\u00e9 o teto previdenci\u00e1rio, agora fixado em R$ 8.475,55. Al\u00e9m do reajuste anual, os segurados tamb\u00e9m foram contemplados com a antecipa\u00e7\u00e3o do 13\u00ba sal\u00e1rio, medida que injeta bilh\u00f5es na economia.<\/p>\n\n\n\n<p>A corre\u00e7\u00e3o de 3,90% passou a valer em janeiro de 2026, conforme portaria interministerial, e tem como objetivo preservar o poder de compra dos benefici\u00e1rios que recebem acima do sal\u00e1rio m\u00ednimo. Com a atualiza\u00e7\u00e3o, o valor m\u00e1ximo pago pela Previd\u00eancia Social foi elevado para R$ 8.475,55. Ao todo, mais de 12 milh\u00f5es de benef\u00edcios acima do piso nacional foram reajustados.<\/p>\n\n\n\n<p>J\u00e1 os segurados que recebem o valor m\u00ednimo tiveram seus pagamentos ajustados conforme o novo sal\u00e1rio m\u00ednimo, fixado em R$ 1.621. Esse grupo representa a maior parte dos benefici\u00e1rios.<\/p>\n\n\n\n<p>Outro ponto confirmado pelo governo \u00e9 a antecipa\u00e7\u00e3o do 13\u00ba sal\u00e1rio para aposentados, pensionistas e outros segurados. O pagamento ser\u00e1 feito em duas parcelas, entre abril e junho. A primeira parcela come\u00e7ou a ser liberada no fim de abril e segue at\u00e9 o in\u00edcio de maio. J\u00e1 a segunda ser\u00e1 paga entre o fim de maio e o come\u00e7o de junho.<\/p>\n\n\n\n<p>Para quem recebe o teto do INSS, o valor da primeira parcela pode chegar a cerca de R$ 4.237, metade do benef\u00edcio mensal. Ao todo, cerca de 35 milh\u00f5es de pagamentos ser\u00e3o realizados, com uma inje\u00e7\u00e3o estimada de mais de R$ 78 bilh\u00f5es na economia brasileira.<\/p>\n\n\n\n<h2 class=\"wp-block-heading\"><strong>Quem tem direito ao benef\u00edcio<\/strong><\/h2>\n\n\n\n<p>T\u00eam direito ao 13\u00ba antecipado segurados que, em 2026, receberam benef\u00edcios como aposentadoria, pens\u00e3o por morte, aux\u00edlio-doen\u00e7a, aux\u00edlio-acidente, sal\u00e1rio-maternidade ou aux\u00edlio-reclus\u00e3o.<\/p>\n\n\n\n<p>Por outro lado, n\u00e3o recebem o abono anual os benefici\u00e1rios do Benef\u00edcio de Presta\u00e7\u00e3o Continuada (BPC) e da Renda Mensal Vital\u00edcia.<\/p>\n\n\n\n<h2 class=\"wp-block-heading\"><strong>Consulta pode ser feita online<\/strong><\/h2>\n\n\n\n<p>Os benefici\u00e1rios podem verificar os valores e datas de pagamento por meio do aplicativo e site do <a href=\"https:\/\/meu.inss.gov.br\/#\/\" target=\"_blank\" rel=\"noopener\">Meu INSS<\/a>, acessando o extrato de pagamento.<\/p>\n\n\n\n<p>O calend\u00e1rio segue o n\u00famero final do cart\u00e3o de benef\u00edcio, desconsiderando o d\u00edgito verificador.<\/p>\n\n\n\n<p>A combina\u00e7\u00e3o entre reajuste e antecipa\u00e7\u00e3o do 13\u00ba refor\u00e7a a renda de milh\u00f5es de brasileiros, especialmente em um cen\u00e1rio de press\u00e3o sobre o custo de vida. A medida tamb\u00e9m tem efeito direto na economia, ao ampliar o consumo em diversos setores.<\/p>\n","protected":false},"excerpt":{"rendered":"<p>O governo federal confirmou a atualiza\u00e7\u00e3o dos benef\u00edcios pagos pelo Instituto Nacional do Seguro Social, com impacto direto para quem recebe at\u00e9 o teto previdenci\u00e1rio, agora fixado em R$ 8.475,55. Al\u00e9m do reajuste anual, os segurados tamb\u00e9m foram contemplados com a antecipa\u00e7\u00e3o do 13\u00ba sal\u00e1rio, medida que injeta bilh\u00f5es na economia. A corre\u00e7\u00e3o de 3,90% [&hellip;]<\/p>\n","protected":false},"author":9,"featured_media":32286,"comment_status":"closed","ping_status":"closed","sticky":false,"template":"","format":"standard","meta":{"jnews-multi-image_gallery":[],"jnews_single_post":{"format":"standard"},"jnews_primary_category":[],"jnews_social_meta":[],"jnews_override_counter":[],"jnews_post_split":[],"footnotes":""},"categories":[1],"tags":[],"class_list":["post-43270","post","type-post","status-publish","format-standard","has-post-thumbnail","hentry","category-geral"],"_referencia":"","_links":{"self":[{"href":"https:\/\/diariodocomercio.com.br\/mix\/wp-json\/wp\/v2\/posts\/43270","targetHints":{"allow":["GET"]}}],"collection":[{"href":"https:\/\/diariodocomercio.com.br\/mix\/wp-json\/wp\/v2\/posts"}],"about":[{"href":"https:\/\/diariodocomercio.com.br\/mix\/wp-json\/wp\/v2\/types\/post"}],"author":[{"embeddable":true,"href":"https:\/\/diariodocomercio.com.br\/mix\/wp-json\/wp\/v2\/users\/9"}],"replies":[{"embeddable":true,"href":"https:\/\/diariodocomercio.com.br\/mix\/wp-json\/wp\/v2\/comments?post=43270"}],"version-history":[{"count":1,"href":"https:\/\/diariodocomercio.com.br\/mix\/wp-json\/wp\/v2\/posts\/43270\/revisions"}],"predecessor-version":[{"id":43272,"href":"https:\/\/diariodocomercio.com.br\/mix\/wp-json\/wp\/v2\/posts\/43270\/revisions\/43272"}],"wp:featuredmedia":[{"embeddable":true,"href":"https:\/\/diariodocomercio.com.br\/mix\/wp-json\/wp\/v2\/media\/32286"}],"wp:attachment":[{"href":"https:\/\/diariodocomercio.com.br\/mix\/wp-json\/wp\/v2\/media?parent=43270"}],"wp:term":[{"taxonomy":"category","embeddable":true,"href":"https:\/\/diariodocomercio.com.br\/mix\/wp-json\/wp\/v2\/categories?post=43270"},{"taxonomy":"post_tag","embeddable":true,"href":"https:\/\/diariodocomercio.com.br\/mix\/wp-json\/wp\/v2\/tags?post=43270"}],"curies":[{"name":"wp","href":"https:\/\/api.w.org\/{rel}","templated":true}]}}