{"id":43306,"date":"2026-04-27T16:56:00","date_gmt":"2026-04-27T19:56:00","guid":{"rendered":"https:\/\/diariodocomercio.com.br\/mix\/?p=43306"},"modified":"2026-04-27T16:30:09","modified_gmt":"2026-04-27T19:30:09","slug":"anvisa-suspende-venda-de-medicacao-em-farmacias-do-brasil","status":"publish","type":"post","link":"https:\/\/diariodocomercio.com.br\/mix\/anvisa-suspende-venda-de-medicacao-em-farmacias-do-brasil\/","title":{"rendered":"Anvisa suspende venda de medica\u00e7\u00e3o em farm\u00e1cias do Brasil"},"content":{"rendered":"\n<p>A Ag\u00eancia Nacional de Vigil\u00e2ncia Sanit\u00e1ria determinou a suspens\u00e3o imediata da venda e do uso de medicamentos que contenham a subst\u00e2ncia clobutinol em todo o Brasil. A medida foi publicada nesta segunda-feira (27) no Di\u00e1rio Oficial da Uni\u00e3o e j\u00e1 est\u00e1 em vigor.<\/p>\n\n\n\n<p>A decis\u00e3o atinge de forma ampla toda a cadeia desses produtos, incluindo fabrica\u00e7\u00e3o, importa\u00e7\u00e3o, distribui\u00e7\u00e3o, comercializa\u00e7\u00e3o, propaganda e utiliza\u00e7\u00e3o. Na pr\u00e1tica, os medicamentos com o princ\u00edpio ativo deixam de circular no mercado brasileiro.<\/p>\n\n\n\n<p>Segundo a ag\u00eancia, a medida foi baseada em um parecer t\u00e9cnico da \u00e1rea de farmacovigil\u00e2ncia, que identificou um aumento relevante no risco de arritmias card\u00edacas graves associadas ao uso da subst\u00e2ncia.<\/p>\n\n\n\n<p>O clobutinol pode provocar altera\u00e7\u00f5es no ritmo do cora\u00e7\u00e3o, especialmente o chamado prolongamento do intervalo QT \u2014 uma condi\u00e7\u00e3o que interfere na atividade el\u00e9trica card\u00edaca e pode levar a desmaios, taquicardia e at\u00e9 morte s\u00fabita.<\/p>\n\n\n\n<p>De acordo com a Anvisa, a gravidade dos efeitos colaterais supera os poss\u00edveis benef\u00edcios terap\u00eauticos, o que justificou a retirada completa do componente do mercado.<\/p>\n\n\n\n<h2 class=\"wp-block-heading\"><strong>Subst\u00e2ncia era comum em xaropes<\/strong><\/h2>\n\n\n\n<p>O clobutinol \u00e9 um princ\u00edpio ativo utilizado principalmente em medicamentos antituss\u00edgenos, indicados para aliviar a tosse. Ele estava presente, sobretudo, em xaropes e produtos voltados ao tratamento de sintomas respirat\u00f3rios.<\/p>\n\n\n\n<p>Com a suspens\u00e3o, qualquer medicamento que contenha a subst\u00e2ncia n\u00e3o pode mais ser vendido ou utilizado no pa\u00eds, independentemente da marca ou fabricante.<\/p>\n\n\n\n<p>A recomenda\u00e7\u00e3o \u00e9 que pacientes que utilizam medicamentos com clobutinol interrompam o uso e procurem orienta\u00e7\u00e3o m\u00e9dica para substitui\u00e7\u00e3o por alternativas seguras.<\/p>\n\n\n\n<p>A ag\u00eancia n\u00e3o divulgou uma lista espec\u00edfica de marcas afetadas, refor\u00e7ando que a medida vale para todos os produtos com o princ\u00edpio ativo.<\/p>\n\n\n\n<h2 class=\"wp-block-heading\"><strong>Hist\u00f3rico de alertas internacionais<\/strong><\/h2>\n\n\n\n<p>A preocupa\u00e7\u00e3o com o clobutinol n\u00e3o \u00e9 recente. Em 2007, a Ag\u00eancia Europeia de Medicamentos j\u00e1 havia recomendado a retirada da subst\u00e2ncia do mercado europeu ap\u00f3s estudos apontarem riscos semelhantes de arritmia card\u00edaca.<\/p>\n\n\n\n<p>Na \u00e9poca, a farmac\u00eautica respons\u00e1vel pelo desenvolvimento do composto tamb\u00e9m optou por descontinuar voluntariamente sua comercializa\u00e7\u00e3o.<\/p>\n","protected":false},"excerpt":{"rendered":"<p>A Ag\u00eancia Nacional de Vigil\u00e2ncia Sanit\u00e1ria determinou a suspens\u00e3o imediata da venda e do uso de medicamentos que contenham a subst\u00e2ncia clobutinol em todo o Brasil. A medida foi publicada nesta segunda-feira (27) no Di\u00e1rio Oficial da Uni\u00e3o e j\u00e1 est\u00e1 em vigor. A decis\u00e3o atinge de forma ampla toda a cadeia desses produtos, incluindo [&hellip;]<\/p>\n","protected":false},"author":9,"featured_media":5837,"comment_status":"closed","ping_status":"closed","sticky":false,"template":"","format":"standard","meta":{"jnews-multi-image_gallery":[],"jnews_single_post":{"format":"standard"},"jnews_primary_category":[],"jnews_social_meta":[],"jnews_override_counter":[],"jnews_post_split":[],"footnotes":""},"categories":[1],"tags":[],"class_list":["post-43306","post","type-post","status-publish","format-standard","has-post-thumbnail","hentry","category-geral"],"_referencia":"","_links":{"self":[{"href":"https:\/\/diariodocomercio.com.br\/mix\/wp-json\/wp\/v2\/posts\/43306","targetHints":{"allow":["GET"]}}],"collection":[{"href":"https:\/\/diariodocomercio.com.br\/mix\/wp-json\/wp\/v2\/posts"}],"about":[{"href":"https:\/\/diariodocomercio.com.br\/mix\/wp-json\/wp\/v2\/types\/post"}],"author":[{"embeddable":true,"href":"https:\/\/diariodocomercio.com.br\/mix\/wp-json\/wp\/v2\/users\/9"}],"replies":[{"embeddable":true,"href":"https:\/\/diariodocomercio.com.br\/mix\/wp-json\/wp\/v2\/comments?post=43306"}],"version-history":[{"count":1,"href":"https:\/\/diariodocomercio.com.br\/mix\/wp-json\/wp\/v2\/posts\/43306\/revisions"}],"predecessor-version":[{"id":43307,"href":"https:\/\/diariodocomercio.com.br\/mix\/wp-json\/wp\/v2\/posts\/43306\/revisions\/43307"}],"wp:featuredmedia":[{"embeddable":true,"href":"https:\/\/diariodocomercio.com.br\/mix\/wp-json\/wp\/v2\/media\/5837"}],"wp:attachment":[{"href":"https:\/\/diariodocomercio.com.br\/mix\/wp-json\/wp\/v2\/media?parent=43306"}],"wp:term":[{"taxonomy":"category","embeddable":true,"href":"https:\/\/diariodocomercio.com.br\/mix\/wp-json\/wp\/v2\/categories?post=43306"},{"taxonomy":"post_tag","embeddable":true,"href":"https:\/\/diariodocomercio.com.br\/mix\/wp-json\/wp\/v2\/tags?post=43306"}],"curies":[{"name":"wp","href":"https:\/\/api.w.org\/{rel}","templated":true}]}}