{"id":43310,"date":"2026-04-27T18:16:00","date_gmt":"2026-04-27T21:16:00","guid":{"rendered":"https:\/\/diariodocomercio.com.br\/mix\/?p=43310"},"modified":"2026-04-27T17:19:54","modified_gmt":"2026-04-27T20:19:54","slug":"auxilio-e-confirmado-no-brasil-para-quem-esta-desempregado","status":"publish","type":"post","link":"https:\/\/diariodocomercio.com.br\/mix\/auxilio-e-confirmado-no-brasil-para-quem-esta-desempregado\/","title":{"rendered":"Aux\u00edlio \u00e9 confirmado no Brasil para quem est\u00e1 desempregado"},"content":{"rendered":"\n<p>A maioria das pessoas n\u00e3o espera se ver em situa\u00e7\u00e3o de desemprego do dia para noite e obviamente n\u00e3o \u00e9 um contexto agrad\u00e1vel de se estar. Pensando nisso, existe um aux\u00edlio tempor\u00e1rio para pessoas desempregadas conseguirem se manter por alguns meses at\u00e9 conseguirem encontrar um novo trabalho. Estamos falando do seguro-desemprego, cujo pagamento \u00e9 realizado pelo Governo Federal, custeado pelo Fundo de Amparo ao Trabalhador (FAT) e operacionalizado pela Caixa Econ\u00f4mica Federal.<\/p>\n\n\n\n<p>O seguro-desemprego foi institu\u00eddo no Brasil em 1986, no contexto do Plano Cruzado, durante o governo do presidente Jos\u00e9 Sarney. <\/p>\n\n\n\n<h2 class=\"wp-block-heading\">Quem tem direito ao seguro-desemprego?<\/h2>\n\n\n\n<p>Trabalhadores formais que foram demitidos involuntariamente (sem justa causa) e que:<\/p>\n\n\n\n<ul class=\"wp-block-list\">\n<li>a) n\u00e3o possuem renda pr\u00f3pria que seja suficiente \u00e0 sua manuten\u00e7\u00e3o e de sua fam\u00edlia.<\/li>\n\n\n\n<li>b) receberam sal\u00e1rios de pessoa jur\u00eddica ou de pessoa f\u00edsica a ela equiparada, relativos a:\n<ul class=\"wp-block-list\">\n<li>pelo menos 12 meses nos \u00faltimos 18 meses imediatamente anteriores \u00e0 data de dispensa, quando da primeira solicita\u00e7\u00e3o; ou<\/li>\n\n\n\n<li>pelo menos 9 meses nos \u00faltimos 12 meses imediatamente anteriores \u00e0 data de dispensa, quando da segunda solicita\u00e7\u00e3o; ou<\/li>\n\n\n\n<li>cada um dos 6 meses imediatamente anteriores \u00e0 data de dispensa, quando das demais solicita\u00e7\u00f5es<\/li>\n<\/ul>\n<\/li>\n\n\n\n<li>c) n\u00e3o recebem qualquer benef\u00edcio previdenci\u00e1rio de presta\u00e7\u00e3o continuada, com exce\u00e7\u00e3o do aux\u00edlio-acidente, do aux\u00edlio suplementar e do abono de perman\u00eancia em servi\u00e7o.<\/li>\n<\/ul>\n\n\n\n<h2 class=\"wp-block-heading\">Como solicitar o seguro-desemprego<\/h2>\n\n\n\n<p>Voc\u00ea precisa acessar o Portal de Servi\u00e7os, vers\u00e3o web ou de aplicativo, ou enviar um e-mail para a Superintend\u00eancia Regional do Trabalho da sua regi\u00e3o (trabalho.UF@trabalho.gov.br, trocando o UF pela sigla do seu estado). Voc\u00ea tamb\u00e9m pode entrar em contato pelo telefone 158 ou pelo n\u00famero da ag\u00eancia do trabalho do seu estado. <\/p>\n\n\n\n<p>Confira a documenta\u00e7\u00e3o em comum para todos os casos:<\/p>\n\n\n\n<ul class=\"wp-block-list\">\n<li>Documento do Requerimento do Seguro-Desemprego (voc\u00ea recebe do empregador este documento no momento que \u00e9 dispensado sem justa causa);<\/li>\n\n\n\n<li>N\u00famero do CPF.<\/li>\n<\/ul>\n\n\n\n<style>@media (min-width: 992px) {\n    .recomendadorV2Area1 {\n        width: 280px;\n    }\n    .recomendadorV2Area2 {\n        padding: 0px 20px;\n        width: calc(100% - 280px);\n    }\n}\n\n@media (max-width: 992px) {\n    .recomendadorV2Button {\n        margin: 0 auto;\n    }\n    .recomendadorV2Area {\n        flex-direction: column;\n        text-align: center;\n    }\n    .recomendadorV2Area2 {\n        padding: 0px 20px;\n    }\n}\n\n.recomendadorV2Area {\n    background: #eeeeee3d;\n    border-radius: 10px;\n    padding: 15px;\n    display: flex;\n    margin: 15px auto;\n    border: 1px solid #00000014;\n    max-width: 800px;\n}\n\n.recomendadorV2Area1 img {\n    width: 280px;\n    height: auto;\n    border-radius: 8px;\n}\n\n.linkrecomendadorv2 {\n    text-decoration: none !important;\n}\n\n.recomendadorV2Area2 .recomendadorV2Type {\n    text-transform: uppercase;\n    font-weight: 500;\n    font-size: 11px;\n    letter-spacing: 2px;\n    color: #666;\n    margin: 12px 0;\n    display: block;\n}\n\n.recomendadorV2Title h2 {\n    padding-top: 0px !important;\n    margin: 0px !important;\n    border-left: none !important;\n    padding-left: 0px !important;\n    line-height: 1.3;\n    color: #000 !important;\n    font-size: 24px;\n    margin-bottom: 12px !important;\n}\n\n.recomendadorV2Desc {\n    color: #333;\n    margin: 12px 0px !important;\n    font-size: 15px;\n    line-height: 1.5;\n}\n\n.recomendadorV2Button {\n    width: auto;\n    max-width: 200px;\n    margin: 0;\n    display: inline-flex;\n    align-items: center;\n    background: #1D3557;\n    border-radius: 8px;\n    color: #fff;\n    height: 36px;\n    justify-content: center;\n    text-align: center;\n    font-size: 14px;\n    padding: 0 20px;\n    transition: background-color 0.2s ease;\n}\n\n.recomendadorV2Button:hover {\n    background: #2a4d7a;\n}\n\n.recomendadorV2Button:after {\n    margin-top: -2px;\n    content: \"\u2192\";\n    padding: 0px 0px 0px 8px;\n}\n\n.recomendadorV2Alert {\n    text-align: left;\n    font-size: 11px;\n    margin-top: 8px;\n    color: #666;\n}\n\n.recomendadorFixedArea {\n    width: 100%;\n    display: flex;\n    justify-content: center;\n    align-items: center;\n}\n\n@media (min-width: 992px) {\n    #recomendadorFixed {\n        width: 32% !important;\n        left: 5%;\n    }\n    .recomendadorCloseFixed{\n        right: inherit !important;\n        left: 378px !important;\n    }\n}\n\n#recomendadorFixed {\n    width: 90%;\n    box-shadow: 0 10px 20px 0px #00000057;\n    display: none;\n    height: 90px;\n    background: #F6F6F6;\n    position: fixed;\n    flex-direction: row;\n    bottom: 10px;\n    z-index: 9999;\n    border-radius: 16px;\n    padding: 7px 10px;\n}\n\n.recomendadorLeftArea {\n    width: 160px;\n}\n\n.recomendadorRightArea h2 {\n    padding-top: 0px;\n    margin: 2px 0px 4px 0px !important;\n    font-weight: 400;\n    text-align: center;\n    padding-left: 0px !important;\n    color: #000 !important;\n    border-left: none !important;\n    line-height: 20px;\n    font-size: 12px !important;\n}\n\n.recomendadorImgFixed {\n    overflow: hidden;\n    padding: 8px 6px;\n    height: 100%;\n}\n\n.recomendadorImgFixed img {\n    height: 100% !important;\n    border-radius: 16px;\n}\n\n.recomendadorRightArea {\n    padding-top: 6px;\n    display: flex;\n    width: calc(100% - 130px);\n    justify-content: space-between;\n    align-items: center;\n    flex-direction: column;\n}\n\n.recomendadorButtonFixed {\n    margin: 0 auto;\n    background: #1D3557;\n    width: 80%;\n    text-align: center;\n    font-size: 10px;\n    color: #FFF;\n    padding: 2px 10px;\n    border-radius: 3px;\n}\n\n.recomendadorButtonFixed:after {\n    margin-top: -3px;\n    content: \"\u2192\";\n    padding: 0px 0px 0px 10px;\n}\n\n.recomendadorAlertFixed {\n    font-weight: 400;\n    text-align: center;\n    color: #484848;\n    font-size: 8px;\n}\n\n.recomendadorCloseFixed {\n    z-index: 99999;\n    display: none;\n    right: 0px;\n    left: inherit;\n    bottom: 99px;\n    position: fixed;\n    justify-content: center;\n    background: #F6F6F6;\n    width: 25px;\n    align-items: center;\n    height: 25px;\n    font-weight: 800;\n    border-radius: 50%;\n    border: 1px solid #EBEBEB;\n}\n\n.recomendadorV2Desc{\n    color: #000000;\n    margin: 20px 0px;\n}\n\n@media (max-width: 576px) {\n    .recomendadorV2Area {\n      padding: 10px;\n      max-width: 100%;\n    }\n  \n    .recomendadorV2Area1 img {\n      width: 100%;\n      border-radius: 6px;\n    }\n  \n    .recomendadorV2Area2 .recomendadorV2Type {\n      font-size: 9px;\n      letter-spacing: 1px;\n      margin: 8px 0;\n    }\n  \n    .recomendadorV2Title h2 {\n      font-size: 18px !important;\n      margin-bottom: 8px !important;\n      line-height: 1.2;\n    }\n  \n    .recomendadorV2Desc {\n      font-size: 14px;\n      margin: 8px 0 !important;\n      line-height: 1.4;\n    }\n  \n    .recomendadorV2Button {\n      font-size: 14px;\n      height: 40px;\n      padding: 0 12px;\n      max-width: 100%;\n      width: 100%;\n    }\n  \n    .recomendadorV2Button:after {\n      padding-left: 6px;\n    }\n  }\n  <\/style>\n        <div class=\"lazyblock-recomendador-v2-2jDGz wp-block-lazyblock-recomendador-v2\">\n        <a class=\"linkrecomendadorv2\" href=\"https:\/\/diariodocomercio.com.br\/mix\/truque-simples-com-uma-esponja-pode-ajudar-a-deixar-roupas-mais-limpas-na-maquina-de-lavar\/\">\n            <div class=\"recomendadorV2Area\">\n            <div class=\"recomendadorV2Area1\">\n                <div class=\"recomendadorV2Img\">\n                <img class=\"lazyloaded\" decoding=\"async\" src=\"https:\/\/diariodocomercio.com.br\/mix\/wp-content\/uploads\/2026\/01\/esponja.jpg\" data-src=\"https:\/\/diariodocomercio.com.br\/mix\/wp-content\/uploads\/2026\/01\/esponja.jpg\" alt=\"\">\n                <\/div>\n            <\/div>\n            <div class=\"recomendadorV2Area2\">\n                <div class=\"recomendadorV2Type\">\n                    <span>CASA<\/span>\n                <\/div>\n                <div class=\"recomendadorV2Title\">\n                <h2><span>Truque simples com uma esponja pode ajudar a deixar roupas mais limpas na m\u00e1quina de lavar<\/span><\/h2>\n                <\/div>\n                <div class=\"recomendadorV2Desc\">\n                <span>Voc\u00ea j\u00e1 tirou as roupas da m\u00e1quina de lavar e passou a raiva de descobrir que as suas pe\u00e7as estavam \u2026<\/span>\n                <\/div>\n                <div class=\"recomendadorV2Button\">Leia mais<\/div>\n                <div class=\"recomendadorV2Alert\"><\/div>\n            <\/div>\n            <\/div>\n        <\/a>\n        <div>\n            <div style=\"z-index:99999;\" id=\"buttonClose\" onclick=\"closeRecomendadorFixed()\">\n            <div class=\"recomendadorCloseFixed\">X<\/div>\n            <\/div>\n            <a href=\"https:\/\/diariodocomercio.com.br\/mix\/truque-simples-com-uma-esponja-pode-ajudar-a-deixar-roupas-mais-limpas-na-maquina-de-lavar\/\">\n            <div class=\"recomendadorFixedArea\">\n                <div id=\"recomendadorFixed\">\n                <div class=\"recomendadorLeftArea\">\n                    <div class=\"recomendadorImgFixed\">\n                    <img class=\"lazyload\" decoding=\"async\" src=\"https:\/\/diariodocomercio.com.br\/mix\/wp-content\/uploads\/2026\/01\/esponja.jpg\" alt=\"\">\n                    <\/div>\n                <\/div>\n                <div class=\"recomendadorRightArea\">\n                    <div class=\"recomendadorTitleFixed\">\n                    <h2><span>Truque simples com uma esponja pode ajudar a deixar roupas mais limpas na m\u00e1quina de lavar<\/span><\/h2>\n                    <\/div>\n                    <div class=\"recomendadorButtonFixed\">Leia mais<\/div>\n                    <div class=\"recomendadorAlertFixed\"><\/div>\n                <\/div>\n                <\/div>\n            <\/div>\n            <\/a>\n        <\/div>\n        <\/div>\n","protected":false},"excerpt":{"rendered":"<p>A maioria das pessoas n\u00e3o espera se ver em situa\u00e7\u00e3o de desemprego do dia para noite e obviamente n\u00e3o \u00e9 um contexto agrad\u00e1vel de se estar. Pensando nisso, existe um aux\u00edlio tempor\u00e1rio para pessoas desempregadas conseguirem se manter por alguns meses at\u00e9 conseguirem encontrar um novo trabalho. Estamos falando do seguro-desemprego, cujo pagamento \u00e9 realizado [&hellip;]<\/p>\n","protected":false},"author":6,"featured_media":43312,"comment_status":"closed","ping_status":"closed","sticky":false,"template":"","format":"standard","meta":{"jnews-multi-image_gallery":[],"jnews_single_post":{"format":"standard"},"jnews_primary_category":[],"jnews_social_meta":[],"jnews_override_counter":[],"jnews_post_split":[],"footnotes":""},"categories":[1],"tags":[],"class_list":["post-43310","post","type-post","status-publish","format-standard","has-post-thumbnail","hentry","category-geral"],"_referencia":"","_links":{"self":[{"href":"https:\/\/diariodocomercio.com.br\/mix\/wp-json\/wp\/v2\/posts\/43310","targetHints":{"allow":["GET"]}}],"collection":[{"href":"https:\/\/diariodocomercio.com.br\/mix\/wp-json\/wp\/v2\/posts"}],"about":[{"href":"https:\/\/diariodocomercio.com.br\/mix\/wp-json\/wp\/v2\/types\/post"}],"author":[{"embeddable":true,"href":"https:\/\/diariodocomercio.com.br\/mix\/wp-json\/wp\/v2\/users\/6"}],"replies":[{"embeddable":true,"href":"https:\/\/diariodocomercio.com.br\/mix\/wp-json\/wp\/v2\/comments?post=43310"}],"version-history":[{"count":1,"href":"https:\/\/diariodocomercio.com.br\/mix\/wp-json\/wp\/v2\/posts\/43310\/revisions"}],"predecessor-version":[{"id":43313,"href":"https:\/\/diariodocomercio.com.br\/mix\/wp-json\/wp\/v2\/posts\/43310\/revisions\/43313"}],"wp:featuredmedia":[{"embeddable":true,"href":"https:\/\/diariodocomercio.com.br\/mix\/wp-json\/wp\/v2\/media\/43312"}],"wp:attachment":[{"href":"https:\/\/diariodocomercio.com.br\/mix\/wp-json\/wp\/v2\/media?parent=43310"}],"wp:term":[{"taxonomy":"category","embeddable":true,"href":"https:\/\/diariodocomercio.com.br\/mix\/wp-json\/wp\/v2\/categories?post=43310"},{"taxonomy":"post_tag","embeddable":true,"href":"https:\/\/diariodocomercio.com.br\/mix\/wp-json\/wp\/v2\/tags?post=43310"}],"curies":[{"name":"wp","href":"https:\/\/api.w.org\/{rel}","templated":true}]}}