{"id":43324,"date":"2026-04-27T17:57:00","date_gmt":"2026-04-27T20:57:00","guid":{"rendered":"https:\/\/diariodocomercio.com.br\/mix\/?p=43324"},"modified":"2026-04-27T17:44:53","modified_gmt":"2026-04-27T20:44:53","slug":"auxilio-e-confirmado-no-brasil-para-clientes-com-conta-ativa-na-caixa","status":"publish","type":"post","link":"https:\/\/diariodocomercio.com.br\/mix\/auxilio-e-confirmado-no-brasil-para-clientes-com-conta-ativa-na-caixa\/","title":{"rendered":"Aux\u00edlio \u00e9 confirmado no Brasil para clientes com conta ativa na Caixa"},"content":{"rendered":"\n<p>Nesta segunda-feira, 27 de abril, a Caixa Econ\u00f4mica Federal paga o <strong>Bolsa Fam\u00edlia <\/strong>para benefici\u00e1rios com N\u00famero de Inscri\u00e7\u00e3o Social (NIS<strong>) final 7<\/strong>. O programa, que abrange todo o pa\u00eds, oferece um valor b\u00e1sico de R$ 600.&nbsp;<\/p>\n\n\n\n<p>Adicionalmente, algumas fam\u00edlias recebem extras que podem alcan\u00e7ar at\u00e9 R$ 150, em apoio decisivo para aqueles com crian\u00e7as pequenas. Estes adicionais visam refor\u00e7ar a seguran\u00e7a alimentar e o desenvolvimento infantil.<\/p>\n\n\n\n<h2 class=\"wp-block-heading\">Quem tem direito aos adicionais financeiros?<\/h2>\n\n\n\n<p>O benef\u00edcio extra do Bolsa Fam\u00edlia \u00e9 destinado a grupos espec\u00edficos. Fam\u00edlias com crian\u00e7as de at\u00e9 seis anos ganham R$ 150 a mais por crian\u00e7a, intensificando o apoio \u00e0 primeira inf\u00e2ncia.<\/p>\n\n\n\n<p>Gestantes, nutrizes e fam\u00edlias com jovens de 7 a 18 anos, por sua vez, recebem um adicional de R$ 50.&nbsp;<\/p>\n\n\n\n<h2 class=\"wp-block-heading\">Altera\u00e7\u00f5es no programa<\/h2>\n\n\n\n<p>Desde 2024, o Bolsa Fam\u00edlia passou por mudan\u00e7as, incluindo a elimina\u00e7\u00e3o do desconto do Seguro Defeso, que ocorria durante o per\u00edodo de reprodu\u00e7\u00e3o dos peixes, quando pescadores n\u00e3o podiam trabalhar.<\/p>\n\n\n\n<p>Esta revis\u00e3o, oficializada pela Lei 14.601\/2023, busca beneficiar mais as fam\u00edlias vulner\u00e1veis, ajustando o suporte financeiro \u00e0s suas necessidades.<\/p>\n\n\n\n<h2 class=\"wp-block-heading\">Facilidade&nbsp;<\/h2>\n\n\n\n<p>Os benefici\u00e1rios do programa podem acessar informa\u00e7\u00f5es detalhadas sobre seus pagamentos atrav\u00e9s do <strong>aplicativo Caixa Tem. <\/strong>Esta ferramenta digital fornece dados sobre datas de dep\u00f3sitos, valores e composi\u00e7\u00e3o das parcelas, tornando o processo mais transparente e eficiente para os usu\u00e1rios.<\/p>\n\n\n\n<p>A tecnologia \u00e9 uma aliada no acompanhamento do Bolsa Fam\u00edlia, especialmente durante o m\u00eas de abril de 2026, quando o governo investiu R$ 12,8 bilh\u00f5es no programa.<\/p>\n\n\n\n<p>O Bolsa Fam\u00edlia segue com o objetivo de potencializar o desenvolvimento social e econ\u00f4mico do pa\u00eds, atendendo a mais de 13 milh\u00f5es de fam\u00edlias.&nbsp;<\/p>\n","protected":false},"excerpt":{"rendered":"<p>O programa, que abrange todo o pa\u00eds, oferece um valor b\u00e1sico de R$ 600.<\/p>\n","protected":false},"author":12,"featured_media":10888,"comment_status":"closed","ping_status":"closed","sticky":false,"template":"","format":"standard","meta":{"jnews-multi-image_gallery":[],"jnews_single_post":{"format":"standard"},"jnews_primary_category":[],"jnews_social_meta":[],"jnews_override_counter":[],"jnews_post_split":[],"footnotes":""},"categories":[1],"tags":[],"class_list":["post-43324","post","type-post","status-publish","format-standard","has-post-thumbnail","hentry","category-geral"],"_referencia":"","_links":{"self":[{"href":"https:\/\/diariodocomercio.com.br\/mix\/wp-json\/wp\/v2\/posts\/43324","targetHints":{"allow":["GET"]}}],"collection":[{"href":"https:\/\/diariodocomercio.com.br\/mix\/wp-json\/wp\/v2\/posts"}],"about":[{"href":"https:\/\/diariodocomercio.com.br\/mix\/wp-json\/wp\/v2\/types\/post"}],"author":[{"embeddable":true,"href":"https:\/\/diariodocomercio.com.br\/mix\/wp-json\/wp\/v2\/users\/12"}],"replies":[{"embeddable":true,"href":"https:\/\/diariodocomercio.com.br\/mix\/wp-json\/wp\/v2\/comments?post=43324"}],"version-history":[{"count":2,"href":"https:\/\/diariodocomercio.com.br\/mix\/wp-json\/wp\/v2\/posts\/43324\/revisions"}],"predecessor-version":[{"id":43326,"href":"https:\/\/diariodocomercio.com.br\/mix\/wp-json\/wp\/v2\/posts\/43324\/revisions\/43326"}],"wp:featuredmedia":[{"embeddable":true,"href":"https:\/\/diariodocomercio.com.br\/mix\/wp-json\/wp\/v2\/media\/10888"}],"wp:attachment":[{"href":"https:\/\/diariodocomercio.com.br\/mix\/wp-json\/wp\/v2\/media?parent=43324"}],"wp:term":[{"taxonomy":"category","embeddable":true,"href":"https:\/\/diariodocomercio.com.br\/mix\/wp-json\/wp\/v2\/categories?post=43324"},{"taxonomy":"post_tag","embeddable":true,"href":"https:\/\/diariodocomercio.com.br\/mix\/wp-json\/wp\/v2\/tags?post=43324"}],"curies":[{"name":"wp","href":"https:\/\/api.w.org\/{rel}","templated":true}]}}