{"id":43330,"date":"2026-04-27T18:19:00","date_gmt":"2026-04-27T21:19:00","guid":{"rendered":"https:\/\/diariodocomercio.com.br\/mix\/?p=43330"},"modified":"2026-04-27T17:58:32","modified_gmt":"2026-04-27T20:58:32","slug":"com-113-milhoes-de-clientes-do-brasil-nubank-anuncia-distribuicao-de-r-45-bilhoes-em-2026","status":"publish","type":"post","link":"https:\/\/diariodocomercio.com.br\/mix\/com-113-milhoes-de-clientes-do-brasil-nubank-anuncia-distribuicao-de-r-45-bilhoes-em-2026\/","title":{"rendered":"Com 113 milh\u00f5es de clientes do Brasil, Nubank anuncia distribui\u00e7\u00e3o de R$ 45 bilh\u00f5es em 2026"},"content":{"rendered":"\n<p>O <strong>Nubank <\/strong>anunciou um <strong>investimento significativo de R$ 45 bilh\u00f5es<\/strong> no Brasil at\u00e9 2026. Com o objetivo de transformar o setor financeiro local, a fintech planeja dobrar os recursos aplicados no pa\u00eds nos \u00faltimos dois anos. Este movimento estrat\u00e9gico busca consolidar sua lideran\u00e7a no mercado brasileiro, que conta com 113 milh\u00f5es de clientes.<\/p>\n\n\n\n<p>Os investimentos bilion\u00e1rios ser\u00e3o <strong>distribu\u00eddos entre quatro \u00e1reas principais. <\/strong>Primeiramente, o desenvolvimento de plataformas de cr\u00e9dito baseadas em intelig\u00eancia artificial promete aprimorar a concess\u00e3o de empr\u00e9stimos.&nbsp;<\/p>\n\n\n\n<p>Adicionalmente, a fintech planeja lan\u00e7ar novos produtos e servi\u00e7os. Outro ponto focal \u00e9 a expans\u00e3o dos escrit\u00f3rios e equipes, com R$ 2,5 bilh\u00f5es destinados \u00e0 infraestrutura nos pr\u00f3ximos cinco anos. Al\u00e9m disso, o fortalecimento da base de capital solidificar\u00e1 ainda mais a presen\u00e7a nacional da empresa.<\/p>\n\n\n\n<h2 class=\"wp-block-heading\">Desempenho financeiro excepcional<\/h2>\n\n\n\n<p>Em 2025, a Nu Holdings, controladora do Nubank, registrou um crescimento expressivo. A receita totalizou R$ 91 bilh\u00f5es, um aumento de 45% comparado ao ano anterior.<\/p>\n\n\n\n<p>O lucro l\u00edquido foi de R$ 16,2 bilh\u00f5es, com um retorno sobre patrim\u00f4nio de 33%. A carteira de cr\u00e9dito subiu para R$ 179,7 bilh\u00f5es, marcando um crescimento de 40% em rela\u00e7\u00e3o ao ano anterior, enquanto os dep\u00f3sitos atingiram R$ 230,3 bilh\u00f5es.<\/p>\n\n\n\n<h2 class=\"wp-block-heading\">Passos no sistema banc\u00e1rio<\/h2>\n\n\n\n<p>Em busca de uma licen\u00e7a banc\u00e1ria no Brasil em 2026, o Nubank se uniu \u00e0 Federa\u00e7\u00e3o Brasileira de Bancos (Febraban). Esta alian\u00e7a destaca a confian\u00e7a da fintech no mercado nacional.<\/p>\n\n\n\n<p>Desde sua funda\u00e7\u00e3o, o Nubank possibilitou que 31,5 milh\u00f5es de brasileiros tivessem acesso ao sistema financeiro formal, com 18,4 milh\u00f5es desses clientes recebendo seu primeiro cart\u00e3o de cr\u00e9dito pela fintech.<\/p>\n\n\n\n<p>O plano ambicioso de investimento at\u00e9 2026 sinaliza n\u00e3o apenas a continuidade na expans\u00e3o de mercado, mas tamb\u00e9m o compromisso da fintech em liderar a inova\u00e7\u00e3o financeira do Brasil.&nbsp;<\/p>\n","protected":false},"excerpt":{"rendered":"<p>Movimento estrat\u00e9gico busca consolidar sua lideran\u00e7a no mercado brasileiro.<\/p>\n","protected":false},"author":12,"featured_media":27558,"comment_status":"closed","ping_status":"closed","sticky":false,"template":"","format":"standard","meta":{"jnews-multi-image_gallery":[],"jnews_single_post":{"format":"standard"},"jnews_primary_category":[],"jnews_social_meta":[],"jnews_override_counter":[],"jnews_post_split":[],"footnotes":""},"categories":[1],"tags":[],"class_list":["post-43330","post","type-post","status-publish","format-standard","has-post-thumbnail","hentry","category-geral"],"_referencia":"","_links":{"self":[{"href":"https:\/\/diariodocomercio.com.br\/mix\/wp-json\/wp\/v2\/posts\/43330","targetHints":{"allow":["GET"]}}],"collection":[{"href":"https:\/\/diariodocomercio.com.br\/mix\/wp-json\/wp\/v2\/posts"}],"about":[{"href":"https:\/\/diariodocomercio.com.br\/mix\/wp-json\/wp\/v2\/types\/post"}],"author":[{"embeddable":true,"href":"https:\/\/diariodocomercio.com.br\/mix\/wp-json\/wp\/v2\/users\/12"}],"replies":[{"embeddable":true,"href":"https:\/\/diariodocomercio.com.br\/mix\/wp-json\/wp\/v2\/comments?post=43330"}],"version-history":[{"count":2,"href":"https:\/\/diariodocomercio.com.br\/mix\/wp-json\/wp\/v2\/posts\/43330\/revisions"}],"predecessor-version":[{"id":43335,"href":"https:\/\/diariodocomercio.com.br\/mix\/wp-json\/wp\/v2\/posts\/43330\/revisions\/43335"}],"wp:featuredmedia":[{"embeddable":true,"href":"https:\/\/diariodocomercio.com.br\/mix\/wp-json\/wp\/v2\/media\/27558"}],"wp:attachment":[{"href":"https:\/\/diariodocomercio.com.br\/mix\/wp-json\/wp\/v2\/media?parent=43330"}],"wp:term":[{"taxonomy":"category","embeddable":true,"href":"https:\/\/diariodocomercio.com.br\/mix\/wp-json\/wp\/v2\/categories?post=43330"},{"taxonomy":"post_tag","embeddable":true,"href":"https:\/\/diariodocomercio.com.br\/mix\/wp-json\/wp\/v2\/tags?post=43330"}],"curies":[{"name":"wp","href":"https:\/\/api.w.org\/{rel}","templated":true}]}}