{"id":43333,"date":"2026-04-27T18:20:31","date_gmt":"2026-04-27T21:20:31","guid":{"rendered":"https:\/\/diariodocomercio.com.br\/mix\/?p=43333"},"modified":"2026-04-27T18:20:33","modified_gmt":"2026-04-27T21:20:33","slug":"justica-suspende-decisao-sobre-feriado-no-brasil-e-trabalhadores-sao-avisados-antecipadamente","status":"publish","type":"post","link":"https:\/\/diariodocomercio.com.br\/mix\/justica-suspende-decisao-sobre-feriado-no-brasil-e-trabalhadores-sao-avisados-antecipadamente\/","title":{"rendered":"Justi\u00e7a suspende decis\u00e3o sobre feriado no Brasil e trabalhadores s\u00e3o avisados antecipadamente"},"content":{"rendered":"\n<p>Se voc\u00ea \u00e9 morador de Maring\u00e1, no Paran\u00e1, e estava se planejando para viajar no feriado de anivers\u00e1rio da cidade, n\u00f3s temos que te dar uma m\u00e1 not\u00edcia. Na quinta-feira passada (23), o Tribunal de Justi\u00e7a do Paran\u00e1 (TJ-PR) suspendeu, em decis\u00e3o liminar, os efeitos de uma lei municipal que alterava a data do feriado municipal este ano. <\/p>\n\n\n\n<p>Vamos explicar: a cidade de Maring\u00e1 faz anivers\u00e1rio no dia 10 de maio. Para a tristeza dos maringaenses, este ano a data cai em um domingo. No dia 14 de abril, a C\u00e2mara de Vereadores havia aprovado a Lei Municipal n\u00ba 12.155\/2026, permitindo a mudan\u00e7a do feriado para a segunda-feira, dia 11 de maio, com o objetivo de manter o descanso e as celebra\u00e7\u00f5es do dia.<\/p>\n\n\n\n<p>Por\u00e9m, essa mudan\u00e7a n\u00e3o agradou todo mundo. A Associa\u00e7\u00e3o Comercial e Empresarial de Maring\u00e1 (Acim) emitiu um comunicado sobre os impactos que a mudan\u00e7a no calend\u00e1rio oficial pode gerar para micro e pequenas empresas.<\/p>\n\n\n\n<p>A decis\u00e3o de mudar a data do feriado foi suspensa pelo desembargador relator Sergio Luiz Kreuz, de acordo com os crit\u00e9rios de:<\/p>\n\n\n\n<ul class=\"wp-block-list\">\n<li>urg\u00eancia e dano econ\u00f4mico;<\/li>\n\n\n\n<li>inconstitucionalidade formal;<\/li>\n\n\n\n<li>viola\u00e7\u00e3o \u00e0 Lei Federal n\u00ba 9.093\/1995.<\/li>\n<\/ul>\n\n\n\n<h2 class=\"wp-block-heading\">Confira todos os feriados nacionais de 2026:<\/h2>\n\n\n\n<ul class=\"wp-block-list\">\n<li><s>1\u00ba de janeiro (quinta) \u2013 Confraterniza\u00e7\u00e3o Universal;<\/s><\/li>\n\n\n\n<li><s>3 de abril (sexta) \u2013 Sexta-feira Santa;<\/s><\/li>\n\n\n\n<li><s>21 de abril (ter\u00e7a) \u2013 Tiradentes;<\/s><\/li>\n\n\n\n<li>1\u00ba de maio (sexta) \u2013 Dia do Trabalho;<\/li>\n\n\n\n<li>4 de junho (quinta) \u2013 Corpus Christi;<\/li>\n\n\n\n<li>7 de setembro (segunda) \u2013 Independ\u00eancia do Brasil;<\/li>\n\n\n\n<li>12 de outubro (segunda) \u2013 Nossa Senhora Aparecida;<\/li>\n\n\n\n<li>2 de novembro (segunda) \u2013 Finados;<\/li>\n\n\n\n<li>15 de novembro (domingo) \u2013 Proclama\u00e7\u00e3o da Rep\u00fablica;<\/li>\n\n\n\n<li>20 de novembro (sexta) \u2013 Dia da Consci\u00eancia Negra;<\/li>\n\n\n\n<li>25 de dezembro (sexta) \u2013 Natal.<\/li>\n<\/ul>\n\n\n\n<style>@media (min-width: 992px) {\n    .recomendadorV2Area1 {\n        width: 280px;\n    }\n    .recomendadorV2Area2 {\n        padding: 0px 20px;\n        width: calc(100% - 280px);\n    }\n}\n\n@media (max-width: 992px) {\n    .recomendadorV2Button {\n        margin: 0 auto;\n    }\n    .recomendadorV2Area {\n        flex-direction: column;\n        text-align: center;\n    }\n    .recomendadorV2Area2 {\n        padding: 0px 20px;\n    }\n}\n\n.recomendadorV2Area {\n    background: #eeeeee3d;\n    border-radius: 10px;\n    padding: 15px;\n    display: flex;\n    margin: 15px auto;\n    border: 1px solid #00000014;\n    max-width: 800px;\n}\n\n.recomendadorV2Area1 img {\n    width: 280px;\n    height: auto;\n    border-radius: 8px;\n}\n\n.linkrecomendadorv2 {\n    text-decoration: none !important;\n}\n\n.recomendadorV2Area2 .recomendadorV2Type {\n    text-transform: uppercase;\n    font-weight: 500;\n    font-size: 11px;\n    letter-spacing: 2px;\n    color: #666;\n    margin: 12px 0;\n    display: block;\n}\n\n.recomendadorV2Title h2 {\n    padding-top: 0px !important;\n    margin: 0px !important;\n    border-left: none !important;\n    padding-left: 0px !important;\n    line-height: 1.3;\n    color: #000 !important;\n    font-size: 24px;\n    margin-bottom: 12px !important;\n}\n\n.recomendadorV2Desc {\n    color: #333;\n    margin: 12px 0px !important;\n    font-size: 15px;\n    line-height: 1.5;\n}\n\n.recomendadorV2Button {\n    width: auto;\n    max-width: 200px;\n    margin: 0;\n    display: inline-flex;\n    align-items: center;\n    background: #1D3557;\n    border-radius: 8px;\n    color: #fff;\n    height: 36px;\n    justify-content: center;\n    text-align: center;\n    font-size: 14px;\n    padding: 0 20px;\n    transition: background-color 0.2s ease;\n}\n\n.recomendadorV2Button:hover {\n    background: #2a4d7a;\n}\n\n.recomendadorV2Button:after {\n    margin-top: -2px;\n    content: \"\u2192\";\n    padding: 0px 0px 0px 8px;\n}\n\n.recomendadorV2Alert {\n    text-align: left;\n    font-size: 11px;\n    margin-top: 8px;\n    color: #666;\n}\n\n.recomendadorFixedArea {\n    width: 100%;\n    display: flex;\n    justify-content: center;\n    align-items: center;\n}\n\n@media (min-width: 992px) {\n    #recomendadorFixed {\n        width: 32% !important;\n        left: 5%;\n    }\n    .recomendadorCloseFixed{\n        right: inherit !important;\n        left: 378px !important;\n    }\n}\n\n#recomendadorFixed {\n    width: 90%;\n    box-shadow: 0 10px 20px 0px #00000057;\n    display: none;\n    height: 90px;\n    background: #F6F6F6;\n    position: fixed;\n    flex-direction: row;\n    bottom: 10px;\n    z-index: 9999;\n    border-radius: 16px;\n    padding: 7px 10px;\n}\n\n.recomendadorLeftArea {\n    width: 160px;\n}\n\n.recomendadorRightArea h2 {\n    padding-top: 0px;\n    margin: 2px 0px 4px 0px !important;\n    font-weight: 400;\n    text-align: center;\n    padding-left: 0px !important;\n    color: #000 !important;\n    border-left: none !important;\n    line-height: 20px;\n    font-size: 12px !important;\n}\n\n.recomendadorImgFixed {\n    overflow: hidden;\n    padding: 8px 6px;\n    height: 100%;\n}\n\n.recomendadorImgFixed img {\n    height: 100% !important;\n    border-radius: 16px;\n}\n\n.recomendadorRightArea {\n    padding-top: 6px;\n    display: flex;\n    width: calc(100% - 130px);\n    justify-content: space-between;\n    align-items: center;\n    flex-direction: column;\n}\n\n.recomendadorButtonFixed {\n    margin: 0 auto;\n    background: #1D3557;\n    width: 80%;\n    text-align: center;\n    font-size: 10px;\n    color: #FFF;\n    padding: 2px 10px;\n    border-radius: 3px;\n}\n\n.recomendadorButtonFixed:after {\n    margin-top: -3px;\n    content: \"\u2192\";\n    padding: 0px 0px 0px 10px;\n}\n\n.recomendadorAlertFixed {\n    font-weight: 400;\n    text-align: center;\n    color: #484848;\n    font-size: 8px;\n}\n\n.recomendadorCloseFixed {\n    z-index: 99999;\n    display: none;\n    right: 0px;\n    left: inherit;\n    bottom: 99px;\n    position: fixed;\n    justify-content: center;\n    background: #F6F6F6;\n    width: 25px;\n    align-items: center;\n    height: 25px;\n    font-weight: 800;\n    border-radius: 50%;\n    border: 1px solid #EBEBEB;\n}\n\n.recomendadorV2Desc{\n    color: #000000;\n    margin: 20px 0px;\n}\n\n@media (max-width: 576px) {\n    .recomendadorV2Area {\n      padding: 10px;\n      max-width: 100%;\n    }\n  \n    .recomendadorV2Area1 img {\n      width: 100%;\n      border-radius: 6px;\n    }\n  \n    .recomendadorV2Area2 .recomendadorV2Type {\n      font-size: 9px;\n      letter-spacing: 1px;\n      margin: 8px 0;\n    }\n  \n    .recomendadorV2Title h2 {\n      font-size: 18px !important;\n      margin-bottom: 8px !important;\n      line-height: 1.2;\n    }\n  \n    .recomendadorV2Desc {\n      font-size: 14px;\n      margin: 8px 0 !important;\n      line-height: 1.4;\n    }\n  \n    .recomendadorV2Button {\n      font-size: 14px;\n      height: 40px;\n      padding: 0 12px;\n      max-width: 100%;\n      width: 100%;\n    }\n  \n    .recomendadorV2Button:after {\n      padding-left: 6px;\n    }\n  }\n  <\/style>\n        <div class=\"lazyblock-recomendador-v2-2jDGz wp-block-lazyblock-recomendador-v2\">\n        <a class=\"linkrecomendadorv2\" href=\"https:\/\/diariodocomercio.com.br\/mix\/5-aparelhos-que-voce-deve-desconectar-da-tomada-sempre-que-sair-de-casa\/\">\n            <div class=\"recomendadorV2Area\">\n            <div class=\"recomendadorV2Area1\">\n                <div class=\"recomendadorV2Img\">\n                <img class=\"lazyloaded\" decoding=\"async\" src=\"https:\/\/diariodocomercio.com.br\/mix\/wp-content\/uploads\/2026\/04\/tomada.jpg\" data-src=\"https:\/\/diariodocomercio.com.br\/mix\/wp-content\/uploads\/2026\/04\/tomada.jpg\" alt=\"\">\n                <\/div>\n            <\/div>\n            <div class=\"recomendadorV2Area2\">\n                <div class=\"recomendadorV2Type\">\n                    <span>CASA<\/span>\n                <\/div>\n                <div class=\"recomendadorV2Title\">\n                <h2><span>5 aparelhos que voc\u00ea deve desconectar da tomada sempre que sair de casa<\/span><\/h2>\n                <\/div>\n                <div class=\"recomendadorV2Desc\">\n                <span>O que voc\u00ea faz antes de sair de casa? Provavelmente fecha as janelas, apaga as luzes, tranca a porta\u2026 mas \u2026<\/span>\n                <\/div>\n                <div class=\"recomendadorV2Button\">Leia mais<\/div>\n                <div class=\"recomendadorV2Alert\"><\/div>\n            <\/div>\n            <\/div>\n        <\/a>\n        <div>\n            <div style=\"z-index:99999;\" id=\"buttonClose\" onclick=\"closeRecomendadorFixed()\">\n            <div class=\"recomendadorCloseFixed\">X<\/div>\n            <\/div>\n            <a href=\"https:\/\/diariodocomercio.com.br\/mix\/5-aparelhos-que-voce-deve-desconectar-da-tomada-sempre-que-sair-de-casa\/\">\n            <div class=\"recomendadorFixedArea\">\n                <div id=\"recomendadorFixed\">\n                <div class=\"recomendadorLeftArea\">\n                    <div class=\"recomendadorImgFixed\">\n                    <img class=\"lazyload\" decoding=\"async\" src=\"https:\/\/diariodocomercio.com.br\/mix\/wp-content\/uploads\/2026\/04\/tomada.jpg\" alt=\"\">\n                    <\/div>\n                <\/div>\n                <div class=\"recomendadorRightArea\">\n                    <div class=\"recomendadorTitleFixed\">\n                    <h2><span>5 aparelhos que voc\u00ea deve desconectar da tomada sempre que sair de casa<\/span><\/h2>\n                    <\/div>\n                    <div class=\"recomendadorButtonFixed\">Leia mais<\/div>\n                    <div class=\"recomendadorAlertFixed\"><\/div>\n                <\/div>\n                <\/div>\n            <\/div>\n            <\/a>\n        <\/div>\n        <\/div>\n","protected":false},"excerpt":{"rendered":"<p>Se voc\u00ea \u00e9 morador de Maring\u00e1, no Paran\u00e1, e estava se planejando para viajar no feriado de anivers\u00e1rio da cidade, n\u00f3s temos que te dar uma m\u00e1 not\u00edcia. Na quinta-feira passada (23), o Tribunal de Justi\u00e7a do Paran\u00e1 (TJ-PR) suspendeu, em decis\u00e3o liminar, os efeitos de uma lei municipal que alterava a data do feriado [&hellip;]<\/p>\n","protected":false},"author":6,"featured_media":43334,"comment_status":"closed","ping_status":"closed","sticky":false,"template":"","format":"standard","meta":{"jnews-multi-image_gallery":[],"jnews_single_post":{"format":"standard"},"jnews_primary_category":[],"jnews_social_meta":[],"jnews_override_counter":[],"jnews_post_split":[],"footnotes":""},"categories":[1],"tags":[],"class_list":["post-43333","post","type-post","status-publish","format-standard","has-post-thumbnail","hentry","category-geral"],"_referencia":"","_links":{"self":[{"href":"https:\/\/diariodocomercio.com.br\/mix\/wp-json\/wp\/v2\/posts\/43333","targetHints":{"allow":["GET"]}}],"collection":[{"href":"https:\/\/diariodocomercio.com.br\/mix\/wp-json\/wp\/v2\/posts"}],"about":[{"href":"https:\/\/diariodocomercio.com.br\/mix\/wp-json\/wp\/v2\/types\/post"}],"author":[{"embeddable":true,"href":"https:\/\/diariodocomercio.com.br\/mix\/wp-json\/wp\/v2\/users\/6"}],"replies":[{"embeddable":true,"href":"https:\/\/diariodocomercio.com.br\/mix\/wp-json\/wp\/v2\/comments?post=43333"}],"version-history":[{"count":1,"href":"https:\/\/diariodocomercio.com.br\/mix\/wp-json\/wp\/v2\/posts\/43333\/revisions"}],"predecessor-version":[{"id":43341,"href":"https:\/\/diariodocomercio.com.br\/mix\/wp-json\/wp\/v2\/posts\/43333\/revisions\/43341"}],"wp:featuredmedia":[{"embeddable":true,"href":"https:\/\/diariodocomercio.com.br\/mix\/wp-json\/wp\/v2\/media\/43334"}],"wp:attachment":[{"href":"https:\/\/diariodocomercio.com.br\/mix\/wp-json\/wp\/v2\/media?parent=43333"}],"wp:term":[{"taxonomy":"category","embeddable":true,"href":"https:\/\/diariodocomercio.com.br\/mix\/wp-json\/wp\/v2\/categories?post=43333"},{"taxonomy":"post_tag","embeddable":true,"href":"https:\/\/diariodocomercio.com.br\/mix\/wp-json\/wp\/v2\/tags?post=43333"}],"curies":[{"name":"wp","href":"https:\/\/api.w.org\/{rel}","templated":true}]}}