{"id":43336,"date":"2026-04-27T20:12:00","date_gmt":"2026-04-27T23:12:00","guid":{"rendered":"https:\/\/diariodocomercio.com.br\/mix\/?p=43336"},"modified":"2026-04-27T18:09:50","modified_gmt":"2026-04-27T21:09:50","slug":"governo-confirma-beneficio-no-brasil-para-quem-ganha-ate-r-3-036","status":"publish","type":"post","link":"https:\/\/diariodocomercio.com.br\/mix\/governo-confirma-beneficio-no-brasil-para-quem-ganha-ate-r-3-036\/","title":{"rendered":"Governo confirma benef\u00edcio no Brasil para quem ganha at\u00e9 R$ 3.036"},"content":{"rendered":"\n<p>O Brasil iniciou 2026 com uma importante mudan\u00e7a fiscal. Desde 1\u00ba de janeiro, os cidad\u00e3os com renda mensal de <strong>at\u00e9 R$ 5 mil <\/strong>est\u00e3o dispensados de pagar o <strong>Imposto de Renda.<\/strong> Essa altera\u00e7\u00e3o poder\u00e1 aliviar a carga financeira de milh\u00f5es de brasileiros.<\/p>\n\n\n\n<p>A pol\u00edtica de isen\u00e7\u00e3o de Imposto de Renda para rendimentos at\u00e9 R$ 5 mil foi implementada a partir da necessidade de atualizar a tabela de isen\u00e7\u00e3o em resposta ao aumento do custo de vida.<\/p>\n\n\n\n<p>Este ajuste busca beneficiar os brasileiros que se enquadram na faixa de rendimentos mencionada. A altera\u00e7\u00e3o <strong>tem efeitos a partir da declara\u00e7\u00e3o de renda de 2027<\/strong>, exigindo aten\u00e7\u00e3o dos contribuintes.<\/p>\n\n\n\n<p>Em 2026, contribuintes com renda m\u00e9dia mensal de at\u00e9 R$ 2.428,80 no ano de 2025 est\u00e3o dispensados de declarar o Imposto de Renda, desde que n\u00e3o se enquadrem em outros crit\u00e9rios de obrigatoriedade. Com o desconto simplificado mensal de R$ 607,20, a isen\u00e7\u00e3o efetiva alcan\u00e7a rendimentos de <strong>at\u00e9 R$ 3.036,<\/strong> faixa em que n\u00e3o h\u00e1 cobran\u00e7a do imposto.<\/p>\n\n\n\n<h2 class=\"wp-block-heading\">Como a isen\u00e7\u00e3o afeta a declara\u00e7\u00e3o de 2027<\/h2>\n\n\n\n<p>Os cidad\u00e3os que receberem at\u00e9 R$ 5 mil mensais em 2026 estar\u00e3o livres de imposto sobre esse valor ao declarar no <strong>ano seguinte<\/strong>. Entretanto, essa isen\u00e7\u00e3o n\u00e3o elimina a obriga\u00e7\u00e3o de apresentar a declara\u00e7\u00e3o caso o cidad\u00e3o receba rendimentos extras.<\/p>\n\n\n\n<p>Al\u00e9m disso, aqueles que possuem outras fontes de renda ainda precisam atentar-se \u00e0s regras fiscais vigentes. Este cuidado pode prevenir problemas futuros.<\/p>\n\n\n\n<h2 class=\"wp-block-heading\">Descontos para quem ganha acima de R$ 5 mil<\/h2>\n\n\n\n<p>Para os contribuintes com renda entre R$ 5 mil e R$ 7.350, h\u00e1 um desconto progressivo no Imposto de Renda. Quanto mais pr\u00f3ximo \u00e0 faixa de R$ 5 mil, maior \u00e9 a dedu\u00e7\u00e3o aplicada.<\/p>\n\n\n\n<p>Acima de R$ 7.350, o desconto n\u00e3o \u00e9 v\u00e1lido, e o imposto \u00e9 calculado normalmente. Esta progressividade busca tornar o sistema tribut\u00e1rio mais equilibrado, aliviando parcialmente quem recebe um pouco mais.<\/p>\n\n\n\n<p>O governo brasileiro justifica a mudan\u00e7a como parte de um esfor\u00e7o maior para corrigir desigualdades. Os contribuintes devem manter-se informados sobre quaisquer mudan\u00e7as subsequentes.&nbsp;<\/p>\n","protected":false},"excerpt":{"rendered":"<p>O Brasil chegou em 2026 com uma importante mudan\u00e7a.<\/p>\n","protected":false},"author":12,"featured_media":36261,"comment_status":"closed","ping_status":"closed","sticky":false,"template":"","format":"standard","meta":{"jnews-multi-image_gallery":[],"jnews_single_post":{"format":"standard"},"jnews_primary_category":[],"jnews_social_meta":[],"jnews_override_counter":[],"jnews_post_split":[],"footnotes":""},"categories":[1],"tags":[],"class_list":["post-43336","post","type-post","status-publish","format-standard","has-post-thumbnail","hentry","category-geral"],"_referencia":"","_links":{"self":[{"href":"https:\/\/diariodocomercio.com.br\/mix\/wp-json\/wp\/v2\/posts\/43336","targetHints":{"allow":["GET"]}}],"collection":[{"href":"https:\/\/diariodocomercio.com.br\/mix\/wp-json\/wp\/v2\/posts"}],"about":[{"href":"https:\/\/diariodocomercio.com.br\/mix\/wp-json\/wp\/v2\/types\/post"}],"author":[{"embeddable":true,"href":"https:\/\/diariodocomercio.com.br\/mix\/wp-json\/wp\/v2\/users\/12"}],"replies":[{"embeddable":true,"href":"https:\/\/diariodocomercio.com.br\/mix\/wp-json\/wp\/v2\/comments?post=43336"}],"version-history":[{"count":2,"href":"https:\/\/diariodocomercio.com.br\/mix\/wp-json\/wp\/v2\/posts\/43336\/revisions"}],"predecessor-version":[{"id":43338,"href":"https:\/\/diariodocomercio.com.br\/mix\/wp-json\/wp\/v2\/posts\/43336\/revisions\/43338"}],"wp:featuredmedia":[{"embeddable":true,"href":"https:\/\/diariodocomercio.com.br\/mix\/wp-json\/wp\/v2\/media\/36261"}],"wp:attachment":[{"href":"https:\/\/diariodocomercio.com.br\/mix\/wp-json\/wp\/v2\/media?parent=43336"}],"wp:term":[{"taxonomy":"category","embeddable":true,"href":"https:\/\/diariodocomercio.com.br\/mix\/wp-json\/wp\/v2\/categories?post=43336"},{"taxonomy":"post_tag","embeddable":true,"href":"https:\/\/diariodocomercio.com.br\/mix\/wp-json\/wp\/v2\/tags?post=43336"}],"curies":[{"name":"wp","href":"https:\/\/api.w.org\/{rel}","templated":true}]}}