{"id":43339,"date":"2026-04-27T18:41:00","date_gmt":"2026-04-27T21:41:00","guid":{"rendered":"https:\/\/diariodocomercio.com.br\/mix\/?p=43339"},"modified":"2026-04-27T18:22:19","modified_gmt":"2026-04-27T21:22:19","slug":"alerta-do-governo-para-brasileiros-com-dividas-com-juros-altos","status":"publish","type":"post","link":"https:\/\/diariodocomercio.com.br\/mix\/alerta-do-governo-para-brasileiros-com-dividas-com-juros-altos\/","title":{"rendered":"Alerta do governo para brasileiros com d\u00edvidas com juros altos"},"content":{"rendered":"\n<p>O governo brasileiro implementou em 2026 novas regras para os <strong>juros do cr\u00e9dito consignado<\/strong>. Anunciadas pelo Minist\u00e9rio do Trabalho e Emprego, essas diretrizes estabelecem limites que as institui\u00e7\u00f5es financeiras devem respeitar, sob risco de san\u00e7\u00f5es.<\/p>\n\n\n\n<p>O cr\u00e9dito consignado deduz as parcelas diretamente do sal\u00e1rio ou benef\u00edcio do INSS, permitindo juros menores que outras alternativas. As novas regras imp\u00f5em que a diferen\u00e7a entre os juros nominais e o Custo Efetivo Total (CET) <strong>n\u00e3o exceda 1 ponto percentual.<\/strong><\/p>\n\n\n\n<p>Bancos que desrespeitarem essa norma podem enfrentar a suspens\u00e3o do programa Cr\u00e9dito do Trabalhador.<\/p>\n\n\n\n<h2 class=\"wp-block-heading\">Impactos no setor financeiro<\/h2>\n\n\n\n<p>A decis\u00e3o do governo de intervir nos juros do cr\u00e9dito consignado gerou surpresa no setor financeiro, que esperava medidas menos r\u00edgidas. No ano passado, o programa Cr\u00e9dito do Trabalhador movimentou cifras significativas no mercado, promovendo acesso ao cr\u00e9dito para muitos trabalhadores.<\/p>\n\n\n\n<p>As novas diretrizes garantem que esse cr\u00e9dito continue ben\u00e9fico e acess\u00edvel, sem o \u00f4nus das altas taxas.<\/p>\n\n\n\n<p>A prote\u00e7\u00e3o financeira se estende al\u00e9m dos juros. Est\u00e3o previstas iniciativas governamentais para renegocia\u00e7\u00e3o de d\u00edvidas, visando aliviar o endividamento familiar. Em um cen\u00e1rio econ\u00f4mico de inseguran\u00e7a, essas a\u00e7\u00f5es oferecem uma importante margem de al\u00edvio para as fam\u00edlias endividadas.<\/p>\n\n\n\n<p>Essas regulamenta\u00e7\u00f5es representam um compromisso do governo com a regula\u00e7\u00e3o dos mercados financeiros e a prote\u00e7\u00e3o dos cidad\u00e3os. A efic\u00e1cia dessas medidas ser\u00e1 monitorada de perto.<\/p>\n\n\n\n<p>As a\u00e7\u00f5es cont\u00ednuas prometem equilibrar o sistema econ\u00f4mico brasileiro e garantir pr\u00e1ticas justas e sustent\u00e1veis no mercado de cr\u00e9dito.<\/p>\n","protected":false},"excerpt":{"rendered":"<p>O governo brasileiro implementou novas regras.<\/p>\n","protected":false},"author":12,"featured_media":10671,"comment_status":"closed","ping_status":"closed","sticky":false,"template":"","format":"standard","meta":{"jnews-multi-image_gallery":[],"jnews_single_post":{"format":"standard"},"jnews_primary_category":[],"jnews_social_meta":[],"jnews_override_counter":[],"jnews_post_split":[],"footnotes":""},"categories":[1],"tags":[],"class_list":["post-43339","post","type-post","status-publish","format-standard","has-post-thumbnail","hentry","category-geral"],"_referencia":"","_links":{"self":[{"href":"https:\/\/diariodocomercio.com.br\/mix\/wp-json\/wp\/v2\/posts\/43339","targetHints":{"allow":["GET"]}}],"collection":[{"href":"https:\/\/diariodocomercio.com.br\/mix\/wp-json\/wp\/v2\/posts"}],"about":[{"href":"https:\/\/diariodocomercio.com.br\/mix\/wp-json\/wp\/v2\/types\/post"}],"author":[{"embeddable":true,"href":"https:\/\/diariodocomercio.com.br\/mix\/wp-json\/wp\/v2\/users\/12"}],"replies":[{"embeddable":true,"href":"https:\/\/diariodocomercio.com.br\/mix\/wp-json\/wp\/v2\/comments?post=43339"}],"version-history":[{"count":2,"href":"https:\/\/diariodocomercio.com.br\/mix\/wp-json\/wp\/v2\/posts\/43339\/revisions"}],"predecessor-version":[{"id":43343,"href":"https:\/\/diariodocomercio.com.br\/mix\/wp-json\/wp\/v2\/posts\/43339\/revisions\/43343"}],"wp:featuredmedia":[{"embeddable":true,"href":"https:\/\/diariodocomercio.com.br\/mix\/wp-json\/wp\/v2\/media\/10671"}],"wp:attachment":[{"href":"https:\/\/diariodocomercio.com.br\/mix\/wp-json\/wp\/v2\/media?parent=43339"}],"wp:term":[{"taxonomy":"category","embeddable":true,"href":"https:\/\/diariodocomercio.com.br\/mix\/wp-json\/wp\/v2\/categories?post=43339"},{"taxonomy":"post_tag","embeddable":true,"href":"https:\/\/diariodocomercio.com.br\/mix\/wp-json\/wp\/v2\/tags?post=43339"}],"curies":[{"name":"wp","href":"https:\/\/api.w.org\/{rel}","templated":true}]}}