{"id":43344,"date":"2026-05-02T14:17:00","date_gmt":"2026-05-02T17:17:00","guid":{"rendered":"https:\/\/diariodocomercio.com.br\/mix\/?p=43344"},"modified":"2026-04-27T18:36:55","modified_gmt":"2026-04-27T21:36:55","slug":"quem-tem-mais-de-60-anos-pode-acessar-esses-4-beneficios-no-brasil","status":"publish","type":"post","link":"https:\/\/diariodocomercio.com.br\/mix\/quem-tem-mais-de-60-anos-pode-acessar-esses-4-beneficios-no-brasil\/","title":{"rendered":"Quem tem mais de 60 anos pode acessar esses 4 benef\u00edcios no Brasil"},"content":{"rendered":"\n<p>Em 2026, os <strong>idosos <\/strong>no Brasil, com <strong>mais de 60 anos,<\/strong> continuam a ter acesso a uma s\u00e9rie de benef\u00edcios garantidos pela legisla\u00e7\u00e3o, como o Estatuto da Pessoa Idosa. Esse conjunto de leis assegura direitos como gratuidade em transporte p\u00fablico e descontos em eventos culturais. A legisla\u00e7\u00e3o tamb\u00e9m oferece melhorias significativas no acesso \u00e0 sa\u00fade e ao lazer.<\/p>\n\n\n\n<p>4 benef\u00edcios se destacam. Confira:<\/p>\n\n\n\n<ul class=\"wp-block-list\">\n<li>Gratuidade no transporte p\u00fablico urbano (para maiores de 65 anos)<\/li>\n\n\n\n<li>Descontos (vagas gratuitas ou 50% off) em viagens intermunicipais<\/li>\n\n\n\n<li>Fraldas geri\u00e1tricas gratuitas pelo Farm\u00e1cia Popular<\/li>\n\n\n\n<li>Meia-entrada em eventos culturais (cinema, teatro, shows)<\/li>\n<\/ul>\n\n\n\n<h2 class=\"wp-block-heading\">Benef\u00edcios<\/h2>\n\n\n\n<p>Al\u00e9m do transporte urbano, idosos t\u00eam direito a duas vagas gratuitas para viagens intermunicipais de \u00f4nibus, trem ou barco, desde que apresentem documento de identidade e comprovante de renda.<\/p>\n\n\n\n<p>Se as vagas estiverem ocupadas, h\u00e1 desconto de 50% na passagem para idosos com renda de at\u00e9 dois sal\u00e1rios m\u00ednimos.<\/p>\n\n\n\n<p>Em termos de sa\u00fade, o programa Farm\u00e1cia Popular oferece medicamentos gratuitos para condi\u00e7\u00f5es cr\u00f4nicas, mas n\u00e3o confirma a gratuidade de fraldas geri\u00e1tricas. Medicamentos s\u00e3o fornecidos mediante receita m\u00e9dica v\u00e1lida, ajudando a reduzir os custos de tratamento para doen\u00e7as de longa dura\u00e7\u00e3o.<\/p>\n\n\n\n<p>Os idosos tamb\u00e9m t\u00eam direito \u00e0 meia-entrada em eventos culturais, como cinema e teatro, o que facilita o acesso ao lazer e entretenimento.&nbsp;<\/p>\n\n\n\n<p>Essas normas s\u00e3o fundamentais para garantir que os idosos vivam com dignidade e participem ativamente na sociedade. Elas asseguram acesso a direitos essenciais e fomentam a inclus\u00e3o social. A legisla\u00e7\u00e3o brasileira em vigor demonstra um compromisso cont\u00ednuo com a melhoria das condi\u00e7\u00f5es de vida da popula\u00e7\u00e3o idosa.<\/p>\n","protected":false},"excerpt":{"rendered":"<p>Os idosos no Brasil continuam a ter acesso a uma s\u00e9rie de benef\u00edcios.<\/p>\n","protected":false},"author":12,"featured_media":28208,"comment_status":"closed","ping_status":"closed","sticky":false,"template":"","format":"standard","meta":{"jnews-multi-image_gallery":[],"jnews_single_post":{"format":"standard"},"jnews_primary_category":[],"jnews_social_meta":[],"jnews_override_counter":[],"jnews_post_split":[],"footnotes":""},"categories":[1],"tags":[],"class_list":["post-43344","post","type-post","status-publish","format-standard","has-post-thumbnail","hentry","category-geral"],"_referencia":"","_links":{"self":[{"href":"https:\/\/diariodocomercio.com.br\/mix\/wp-json\/wp\/v2\/posts\/43344","targetHints":{"allow":["GET"]}}],"collection":[{"href":"https:\/\/diariodocomercio.com.br\/mix\/wp-json\/wp\/v2\/posts"}],"about":[{"href":"https:\/\/diariodocomercio.com.br\/mix\/wp-json\/wp\/v2\/types\/post"}],"author":[{"embeddable":true,"href":"https:\/\/diariodocomercio.com.br\/mix\/wp-json\/wp\/v2\/users\/12"}],"replies":[{"embeddable":true,"href":"https:\/\/diariodocomercio.com.br\/mix\/wp-json\/wp\/v2\/comments?post=43344"}],"version-history":[{"count":2,"href":"https:\/\/diariodocomercio.com.br\/mix\/wp-json\/wp\/v2\/posts\/43344\/revisions"}],"predecessor-version":[{"id":43350,"href":"https:\/\/diariodocomercio.com.br\/mix\/wp-json\/wp\/v2\/posts\/43344\/revisions\/43350"}],"wp:featuredmedia":[{"embeddable":true,"href":"https:\/\/diariodocomercio.com.br\/mix\/wp-json\/wp\/v2\/media\/28208"}],"wp:attachment":[{"href":"https:\/\/diariodocomercio.com.br\/mix\/wp-json\/wp\/v2\/media?parent=43344"}],"wp:term":[{"taxonomy":"category","embeddable":true,"href":"https:\/\/diariodocomercio.com.br\/mix\/wp-json\/wp\/v2\/categories?post=43344"},{"taxonomy":"post_tag","embeddable":true,"href":"https:\/\/diariodocomercio.com.br\/mix\/wp-json\/wp\/v2\/tags?post=43344"}],"curies":[{"name":"wp","href":"https:\/\/api.w.org\/{rel}","templated":true}]}}