{"id":43346,"date":"2026-04-27T21:01:00","date_gmt":"2026-04-28T00:01:00","guid":{"rendered":"https:\/\/diariodocomercio.com.br\/mix\/?p=43346"},"modified":"2026-04-27T18:47:10","modified_gmt":"2026-04-27T21:47:10","slug":"aumento-nas-passagens-de-onibus-e-confirmado-no-brasil-e-valor-fica-ate-23-mais-caro","status":"publish","type":"post","link":"https:\/\/diariodocomercio.com.br\/mix\/aumento-nas-passagens-de-onibus-e-confirmado-no-brasil-e-valor-fica-ate-23-mais-caro\/","title":{"rendered":"Aumento nas passagens de \u00f4nibus \u00e9 confirmado no Brasil e valor fica at\u00e9 23% mais caro"},"content":{"rendered":"\n<p>O <strong>pre\u00e7o das passagens<\/strong> para o feriado de 1\u00ba de maio em <strong>Bel\u00e9m<\/strong>, uma das principais cidades portu\u00e1rias do Par\u00e1, subiu cerca de <strong>10% <\/strong>em rela\u00e7\u00e3o ao ano anterior. Conforme levantamento do Departamento Intersindical de Estat\u00edstica e Estudos Socioecon\u00f4micos (Dieese\/PA), essa eleva\u00e7\u00e3o afeta tanto viagens intermunicipais quanto interestaduais.<\/p>\n\n\n\n<p>O aumento nos pre\u00e7os reflete custos de combust\u00edvel e pressiona os viajantes a reavaliar seus planos.<\/p>\n\n\n\n<h2 class=\"wp-block-heading\">Destinos&nbsp;<\/h2>\n\n\n\n<p>No Terminal Rodovi\u00e1rio de Bel\u00e9m, os valores para destinos populares, como Castanhal e Barcarena, variam entre R$ 20 e R$ 38. Viagens mais distantes, como a Salin\u00f3polis, apresentam um custo de at\u00e9 R$ 92.<\/p>\n\n\n\n<p>Para dist\u00e2ncias ainda maiores, como Marab\u00e1 e Tucuru\u00ed, os pre\u00e7os chegam a R$ 192,84 e R$ 174,76, respectivamente. Essas varia\u00e7\u00f5es ilustram o impacto do aumento nos pre\u00e7os sobre os destinos mais procurados no feriad\u00e3o.<\/p>\n\n\n\n<p>Al\u00e9m disso, as passagens a\u00e9reas para cidades como S\u00e3o Lu\u00eds e Fortaleza tamb\u00e9m sofrem altas significativas. Voos para S\u00e3o Paulo, por exemplo, podem custar at\u00e9 R$ 950. Esse aumento nas tarifas a\u00e9reas e rodovi\u00e1rias reflete uma tend\u00eancia de encarecimento geral no setor de transportes dentro e fora do estado do Par\u00e1.<\/p>\n\n\n\n<h2 class=\"wp-block-heading\">Impacto dos combust\u00edveis&nbsp;<\/h2>\n\n\n\n<p>O aumento de pre\u00e7os das passagens est\u00e1 diretamente relacionado ao encarecimento dos combust\u00edveis em Bel\u00e9m, conforme dados da Ag\u00eancia Nacional do Petr\u00f3leo. Nos \u00faltimos 12 meses, a gasolina subiu para R$ 6,94 por litro, com incrementos de 17%.<\/p>\n\n\n\n<p>O pre\u00e7o do diesel S10 tem registrado altas expressivas no Brasil em 2026, com acumulados que superam 23% em diversas medi\u00e7\u00f5es, pressionando fortemente os custos de transporte e agroneg\u00f3cio.<\/p>\n\n\n\n<p>Dada a situa\u00e7\u00e3o econ\u00f4mica atual e as previs\u00f5es de pre\u00e7o est\u00e1veis ou em alta, a expectativa \u00e9 que os valores das passagens continuem elevados.&nbsp;<\/p>\n","protected":false},"excerpt":{"rendered":"<p>O aumento nos pre\u00e7os pressiona os viajantes a reavaliar seus planos.<\/p>\n","protected":false},"author":12,"featured_media":22341,"comment_status":"closed","ping_status":"closed","sticky":false,"template":"","format":"standard","meta":{"jnews-multi-image_gallery":[],"jnews_single_post":{"format":"standard"},"jnews_primary_category":[],"jnews_social_meta":[],"jnews_override_counter":[],"jnews_post_split":[],"footnotes":""},"categories":[1],"tags":[],"class_list":["post-43346","post","type-post","status-publish","format-standard","has-post-thumbnail","hentry","category-geral"],"_referencia":"","_links":{"self":[{"href":"https:\/\/diariodocomercio.com.br\/mix\/wp-json\/wp\/v2\/posts\/43346","targetHints":{"allow":["GET"]}}],"collection":[{"href":"https:\/\/diariodocomercio.com.br\/mix\/wp-json\/wp\/v2\/posts"}],"about":[{"href":"https:\/\/diariodocomercio.com.br\/mix\/wp-json\/wp\/v2\/types\/post"}],"author":[{"embeddable":true,"href":"https:\/\/diariodocomercio.com.br\/mix\/wp-json\/wp\/v2\/users\/12"}],"replies":[{"embeddable":true,"href":"https:\/\/diariodocomercio.com.br\/mix\/wp-json\/wp\/v2\/comments?post=43346"}],"version-history":[{"count":2,"href":"https:\/\/diariodocomercio.com.br\/mix\/wp-json\/wp\/v2\/posts\/43346\/revisions"}],"predecessor-version":[{"id":43353,"href":"https:\/\/diariodocomercio.com.br\/mix\/wp-json\/wp\/v2\/posts\/43346\/revisions\/43353"}],"wp:featuredmedia":[{"embeddable":true,"href":"https:\/\/diariodocomercio.com.br\/mix\/wp-json\/wp\/v2\/media\/22341"}],"wp:attachment":[{"href":"https:\/\/diariodocomercio.com.br\/mix\/wp-json\/wp\/v2\/media?parent=43346"}],"wp:term":[{"taxonomy":"category","embeddable":true,"href":"https:\/\/diariodocomercio.com.br\/mix\/wp-json\/wp\/v2\/categories?post=43346"},{"taxonomy":"post_tag","embeddable":true,"href":"https:\/\/diariodocomercio.com.br\/mix\/wp-json\/wp\/v2\/tags?post=43346"}],"curies":[{"name":"wp","href":"https:\/\/api.w.org\/{rel}","templated":true}]}}