{"id":43354,"date":"2026-04-27T19:04:00","date_gmt":"2026-04-27T22:04:00","guid":{"rendered":"https:\/\/diariodocomercio.com.br\/mix\/?p=43354"},"modified":"2026-04-27T18:53:48","modified_gmt":"2026-04-27T21:53:48","slug":"governo-passara-a-exigir-novo-documento-de-brasileiros","status":"publish","type":"post","link":"https:\/\/diariodocomercio.com.br\/mix\/governo-passara-a-exigir-novo-documento-de-brasileiros\/","title":{"rendered":"Governo passar\u00e1 a exigir novo documento de brasileiros"},"content":{"rendered":"\n<p>O governo est\u00e1 oferecendo uma nova oportunidade para todos os cidad\u00e3os que ainda n\u00e3o realizaram o <strong>cadastro biom\u00e9trico <\/strong>atrav\u00e9s da Carteira de Identidade Nacional (CIN). O prazo, anteriormente estipulado para este ano, foi estendido at\u00e9 31 de dezembro de 2026.<\/p>\n\n\n\n<p>Essa extens\u00e3o \u00e9 fundamental para permitir que os cidad\u00e3os continuem a receber ou renovem seus benef\u00edcios sociais sem interrup\u00e7\u00f5es.<\/p>\n\n\n\n<p>O cadastro biom\u00e9trico deve ser realizado nos postos de identifica\u00e7\u00e3o estaduais. O procedimento inclui a coleta de impress\u00f5es digitais de ambas as m\u00e3os e uma foto do rosto, garantindo a seguran\u00e7a e autenticidade na concess\u00e3o de benef\u00edcios sociais.<\/p>\n\n\n\n<p>Esses dados s\u00e3o integrados a uma base governamental, impedindo fraudes e assegurando que os recursos cheguem a quem realmente precisa.<\/p>\n\n\n\n<h2 class=\"wp-block-heading\">Detalhes do cadastro biom\u00e9trico<\/h2>\n\n\n\n<p>As biometrias aceitas para a concess\u00e3o e renova\u00e7\u00e3o de benef\u00edcios sociais incluem registros no Tribunal Superior Eleitoral, Carteira Nacional de Habilita\u00e7\u00e3o e passaportes, at\u00e9 31 de dezembro de 2027.<\/p>\n\n\n\n<p>No entanto, a partir de 1\u00ba de janeiro de 2028, somente a biometria da CIN ser\u00e1 aceita.&nbsp;<\/p>\n\n\n\n<h2 class=\"wp-block-heading\">Procedimento de emiss\u00e3o<\/h2>\n\n\n\n<p>Para realizar o cadastro biom\u00e9trico, siga os passos abaixo:<\/p>\n\n\n\n<ol class=\"wp-block-list\">\n<li>Visite o site oficial da Carteira de Identidade Nacional.<\/li>\n\n\n\n<li>Agende um hor\u00e1rio em um posto de identifica\u00e7\u00e3o do seu estado.<\/li>\n\n\n\n<li>Compare\u00e7a na data marcada com sua certid\u00e3o de nascimento ou casamento.<\/li>\n<\/ol>\n\n\n\n<p>Caso prefira, \u00e9 poss\u00edvel optar pela vers\u00e3o digital da CIN, que permite a inclus\u00e3o de documentos adicionais, como a CNH e o t\u00edtulo de eleitor.<\/p>\n\n\n\n<h2 class=\"wp-block-heading\">Novo prazo<\/h2>\n\n\n\n<p>A extens\u00e3o do prazo at\u00e9 o fim de 2026 \u00e9 uma medida do governo para facilitar o acesso dos cidad\u00e3os aos benef\u00edcios sociais, garantindo que ningu\u00e9m seja prejudicado. Essa adapta\u00e7\u00e3o \u00e9 fundamental para que todos tenham tempo suficiente para atualizar sua identifica\u00e7\u00e3o e, assim, assegurar a continuidade do recebimento de benef\u00edcios essenciais.<\/p>\n\n\n\n<p>O procedimento de cadastro biom\u00e9trico \u00e9 simplificado e visa proteger os direitos sociais dos cidad\u00e3os, evitando fraudes e erros.&nbsp;<\/p>\n","protected":false},"excerpt":{"rendered":"<p>Cadastro deve ser realizado nos postos de identifica\u00e7\u00e3o estaduais.<\/p>\n","protected":false},"author":12,"featured_media":11039,"comment_status":"closed","ping_status":"closed","sticky":false,"template":"","format":"standard","meta":{"jnews-multi-image_gallery":[],"jnews_single_post":{"format":"standard"},"jnews_primary_category":[],"jnews_social_meta":[],"jnews_override_counter":[],"jnews_post_split":[],"footnotes":""},"categories":[1],"tags":[],"class_list":["post-43354","post","type-post","status-publish","format-standard","has-post-thumbnail","hentry","category-geral"],"_referencia":"","_links":{"self":[{"href":"https:\/\/diariodocomercio.com.br\/mix\/wp-json\/wp\/v2\/posts\/43354","targetHints":{"allow":["GET"]}}],"collection":[{"href":"https:\/\/diariodocomercio.com.br\/mix\/wp-json\/wp\/v2\/posts"}],"about":[{"href":"https:\/\/diariodocomercio.com.br\/mix\/wp-json\/wp\/v2\/types\/post"}],"author":[{"embeddable":true,"href":"https:\/\/diariodocomercio.com.br\/mix\/wp-json\/wp\/v2\/users\/12"}],"replies":[{"embeddable":true,"href":"https:\/\/diariodocomercio.com.br\/mix\/wp-json\/wp\/v2\/comments?post=43354"}],"version-history":[{"count":2,"href":"https:\/\/diariodocomercio.com.br\/mix\/wp-json\/wp\/v2\/posts\/43354\/revisions"}],"predecessor-version":[{"id":43358,"href":"https:\/\/diariodocomercio.com.br\/mix\/wp-json\/wp\/v2\/posts\/43354\/revisions\/43358"}],"wp:featuredmedia":[{"embeddable":true,"href":"https:\/\/diariodocomercio.com.br\/mix\/wp-json\/wp\/v2\/media\/11039"}],"wp:attachment":[{"href":"https:\/\/diariodocomercio.com.br\/mix\/wp-json\/wp\/v2\/media?parent=43354"}],"wp:term":[{"taxonomy":"category","embeddable":true,"href":"https:\/\/diariodocomercio.com.br\/mix\/wp-json\/wp\/v2\/categories?post=43354"},{"taxonomy":"post_tag","embeddable":true,"href":"https:\/\/diariodocomercio.com.br\/mix\/wp-json\/wp\/v2\/tags?post=43354"}],"curies":[{"name":"wp","href":"https:\/\/api.w.org\/{rel}","templated":true}]}}