{"id":43363,"date":"2026-04-27T19:28:00","date_gmt":"2026-04-27T22:28:00","guid":{"rendered":"https:\/\/diariodocomercio.com.br\/mix\/?p=43363"},"modified":"2026-04-27T19:09:24","modified_gmt":"2026-04-27T22:09:24","slug":"com-aumento-do-salario-minimo-multa-para-quem-descartar-lixo-na-rua-tambem-sera-maior","status":"publish","type":"post","link":"https:\/\/diariodocomercio.com.br\/mix\/com-aumento-do-salario-minimo-multa-para-quem-descartar-lixo-na-rua-tambem-sera-maior\/","title":{"rendered":"Com aumento do sal\u00e1rio m\u00ednimo, multa para quem descartar lixo na rua tamb\u00e9m ser\u00e1 maior"},"content":{"rendered":"\n<p>A C\u00e2mara dos Deputados deu um importante passo para a prote\u00e7\u00e3o ambiental ao aprovar <strong>multas para quem descarta lixo em vias p\u00fablicas<\/strong>. Em 23 de abril de 2026, o Projeto de Lei 580\/2022, de autoria do deputado Kim Kataguiri e relatado por Marcelo Queiroz, foi aceito pela casa.<\/p>\n\n\n\n<p>Agora, o texto segue para o Senado. A proposta visa responsabilizar infratores de acordo com o volume de lixo descartado e suas condi\u00e7\u00f5es econ\u00f4micas.<\/p>\n\n\n\n<p>As penalidades previstas v\u00e3o <strong>de 1 a 10 sal\u00e1rios m\u00ednimos<\/strong> para pessoas f\u00edsicas, enquanto empresas podem ser multadas <strong>de 5 a 100 sal\u00e1rios m\u00ednimos.<\/strong><\/p>\n\n\n\n<p>Essa legisla\u00e7\u00e3o busca desestimular o descarte irregular, cobrindo n\u00e3o apenas vias p\u00fablicas, mas tamb\u00e9m im\u00f3veis urbanos e rurais. A multa, por ser baseada no valor do sal\u00e1rio m\u00ednimo, <strong>j\u00e1 tem previs\u00e3o de alta para 2027<\/strong>, quando o piso nacional dever\u00e1 ser de <strong>R$ 1.717.<\/strong><\/p>\n\n\n\n<h2 class=\"wp-block-heading\">Pr\u00f3ximos passos<\/h2>\n\n\n\n<p>Ap\u00f3s a aprova\u00e7\u00e3o na C\u00e2mara, o projeto segue para o Senado, onde enfrentar\u00e1 nova avalia\u00e7\u00e3o. O objetivo \u00e9 integrar a aplica\u00e7\u00e3o das multas \u00e0 estrutura legislativa vigente, proporcionando um suporte legal mais robusto \u00e0 gest\u00e3o de res\u00edduos.<\/p>\n\n\n\n<p>Al\u00e9m das penaliza\u00e7\u00f5es, o projeto inclui um plano para desenvolver um sistema mais eficiente de manejo de res\u00edduos s\u00f3lidos. H\u00e1 exce\u00e7\u00f5es para locais j\u00e1 destinados a esse fim, evitando penaliza\u00e7\u00f5es indevidas.<\/p>\n\n\n\n<p>O principal objetivo \u00e9 mudar o comportamento em rela\u00e7\u00e3o ao descarte de lixo, visando um impacto ambiental positivo. Espera-se que essa medida reduza o volume de res\u00edduos espalhados nas \u00e1reas urbanas e promova uma cultura de responsabilidade entre cidad\u00e3os e empresas.<\/p>\n\n\n\n<p>A expectativa \u00e9 que essa legisla\u00e7\u00e3o sirva de modelo para futuras regulamenta\u00e7\u00f5es no Brasil.<\/p>\n\n\n\n<p>No momento, a proposta aguarda revis\u00e3o pelo Senado. Com a aprova\u00e7\u00e3o final, a legisla\u00e7\u00e3o precisar\u00e1 da san\u00e7\u00e3o presidencial para passar a vigorar.<\/p>\n","protected":false},"excerpt":{"rendered":"<p>Proposta visa responsabilizar infratores de acordo com o volume de lixo descartado.<\/p>\n","protected":false},"author":12,"featured_media":43202,"comment_status":"closed","ping_status":"closed","sticky":false,"template":"","format":"standard","meta":{"jnews-multi-image_gallery":[],"jnews_single_post":{"format":"standard"},"jnews_primary_category":[],"jnews_social_meta":[],"jnews_override_counter":[],"jnews_post_split":[],"footnotes":""},"categories":[1],"tags":[],"class_list":["post-43363","post","type-post","status-publish","format-standard","has-post-thumbnail","hentry","category-geral"],"_referencia":"","_links":{"self":[{"href":"https:\/\/diariodocomercio.com.br\/mix\/wp-json\/wp\/v2\/posts\/43363","targetHints":{"allow":["GET"]}}],"collection":[{"href":"https:\/\/diariodocomercio.com.br\/mix\/wp-json\/wp\/v2\/posts"}],"about":[{"href":"https:\/\/diariodocomercio.com.br\/mix\/wp-json\/wp\/v2\/types\/post"}],"author":[{"embeddable":true,"href":"https:\/\/diariodocomercio.com.br\/mix\/wp-json\/wp\/v2\/users\/12"}],"replies":[{"embeddable":true,"href":"https:\/\/diariodocomercio.com.br\/mix\/wp-json\/wp\/v2\/comments?post=43363"}],"version-history":[{"count":2,"href":"https:\/\/diariodocomercio.com.br\/mix\/wp-json\/wp\/v2\/posts\/43363\/revisions"}],"predecessor-version":[{"id":43365,"href":"https:\/\/diariodocomercio.com.br\/mix\/wp-json\/wp\/v2\/posts\/43363\/revisions\/43365"}],"wp:featuredmedia":[{"embeddable":true,"href":"https:\/\/diariodocomercio.com.br\/mix\/wp-json\/wp\/v2\/media\/43202"}],"wp:attachment":[{"href":"https:\/\/diariodocomercio.com.br\/mix\/wp-json\/wp\/v2\/media?parent=43363"}],"wp:term":[{"taxonomy":"category","embeddable":true,"href":"https:\/\/diariodocomercio.com.br\/mix\/wp-json\/wp\/v2\/categories?post=43363"},{"taxonomy":"post_tag","embeddable":true,"href":"https:\/\/diariodocomercio.com.br\/mix\/wp-json\/wp\/v2\/tags?post=43363"}],"curies":[{"name":"wp","href":"https:\/\/api.w.org\/{rel}","templated":true}]}}