{"id":43367,"date":"2026-04-27T19:28:08","date_gmt":"2026-04-27T22:28:08","guid":{"rendered":"https:\/\/diariodocomercio.com.br\/mix\/?p=43367"},"modified":"2026-04-27T19:28:10","modified_gmt":"2026-04-27T22:28:10","slug":"alerta-geral-para-todos-os-pais-de-adolescentes-entre-13-e-17-anos-no-brasil","status":"publish","type":"post","link":"https:\/\/diariodocomercio.com.br\/mix\/alerta-geral-para-todos-os-pais-de-adolescentes-entre-13-e-17-anos-no-brasil\/","title":{"rendered":"Alerta geral para todos os pa\u00eds de adolescentes entre 13 e 17 anos no Brasil"},"content":{"rendered":"\n<p>Uma Pesquisa Nacional de Sa\u00fade do Escolar (PeNSe) revelou dados preocupantes sobre a sa\u00fade mental de adolescentes brasileiros. De acordo com o estudo divulgado pelo IBGE (Instituto Brasileiro de Geografia e Estat\u00edstica), tr\u00eas em cada dez estudantes de 13 a 17 anos afirmaram se sentir tristes sempre ou na maioria das vezes. Uma propor\u00e7\u00e3o semelhante revelou que j\u00e1 sentiu vontade de se ferir propositalmente.<\/p>\n\n\n\n<p>Segundo a Ag\u00eancia Brasil, o IBGE entrevistou cerca de 118 mil adolescentes que frequentavam mais de 4,1 mil escolas p\u00fablicas e privadas de todo o Brasil em 2024. Outros dados preocupantes da pesquisa \u00e9 42,9% dos alunos responderam se sentir <em>&#8220;irritados, nervosos ou mal-humorados por qualquer coisa&#8221;<\/em> e 18,5% que pensam que <em>&#8220;a vida n\u00e3o vale a pena ser vivida&#8221;<\/em> sempre ou na maioria das vezes.<\/p>\n\n\n\n<p>Outro ponto relevante da pesquisa \u00e9 que, em todos os indicadores, os resultados entre as meninas foram mais alarmantes:<\/p>\n\n\n\n<figure class=\"wp-block-table\"><table class=\"has-fixed-layout\"><tbody><tr><td><strong>Resposta<\/strong><\/td><td><strong>Meninas<\/strong><\/td><td><strong>Meninos<\/strong><\/td><\/tr><tr><td>&#8220;Sentem-se tristes sempre ou na maiorias das vezes&#8221;<\/td><td class=\"has-text-align-center\" data-align=\"center\">41%<\/td><td class=\"has-text-align-center\" data-align=\"center\">16,7%<\/td><\/tr><tr><td>&#8220;J\u00e1 tiveram vontade de se machucar de prop\u00f3sito&#8221;<\/td><td class=\"has-text-align-center\" data-align=\"center\">43,4%<\/td><td class=\"has-text-align-center\" data-align=\"center\">20,5%<\/td><\/tr><tr><td>&#8220;Se sentem irritados, nervosos ou mal-humorados por qualquer coisa&#8221;<\/td><td class=\"has-text-align-center\" data-align=\"center\">58,1%<\/td><td class=\"has-text-align-center\" data-align=\"center\">27,6%<\/td><\/tr><tr><td>&#8220;Pensam sempre, ou na maioria das vezes, que a vida n\u00e3o vale a pena ser vivida&#8221;<\/td><td class=\"has-text-align-center\" data-align=\"center\">25%<\/td><td class=\"has-text-align-center\" data-align=\"center\">12%<\/td><\/tr><tr><td>&#8220;Acham que os pais ou respons\u00e1veis n\u00e3o entendem suas preocupa\u00e7\u00f5es&#8221;<\/td><td class=\"has-text-align-center\" data-align=\"center\">39,7%<\/td><td class=\"has-text-align-center\" data-align=\"center\">33,5%<\/td><\/tr><tr><td>&#8220;Acreditam que ningu\u00e9m se preocupa com eles&#8221;<\/td><td class=\"has-text-align-center\" data-align=\"center\">33%<\/td><td class=\"has-text-align-center\" data-align=\"center\">19%<\/td><\/tr><\/tbody><\/table><\/figure>\n\n\n\n<h2 class=\"wp-block-heading\">Como as escolas lidam com a sa\u00fade mental de adolescentes<\/h2>\n\n\n\n<p>Mesmo com os dados preocupantes, menos da metade dos alunos frequentava uma escola com algum tipo de suporte psicol\u00f3gico (45,8% entre os alunos de escolas p\u00fablicas e 58,2% entre os da rede privada). Apenas 34,1% dos estudantes estudavam em escolas com um profissional de sa\u00fade mental no quadro de funcion\u00e1rios.<\/p>\n\n\n\n<style>@media (min-width: 992px) {\n    .recomendadorV2Area1 {\n        width: 280px;\n    }\n    .recomendadorV2Area2 {\n        padding: 0px 20px;\n        width: calc(100% - 280px);\n    }\n}\n\n@media (max-width: 992px) {\n    .recomendadorV2Button {\n        margin: 0 auto;\n    }\n    .recomendadorV2Area {\n        flex-direction: column;\n        text-align: center;\n    }\n    .recomendadorV2Area2 {\n        padding: 0px 20px;\n    }\n}\n\n.recomendadorV2Area {\n    background: #eeeeee3d;\n    border-radius: 10px;\n    padding: 15px;\n    display: flex;\n    margin: 15px auto;\n    border: 1px solid #00000014;\n    max-width: 800px;\n}\n\n.recomendadorV2Area1 img {\n    width: 280px;\n    height: auto;\n    border-radius: 8px;\n}\n\n.linkrecomendadorv2 {\n    text-decoration: none !important;\n}\n\n.recomendadorV2Area2 .recomendadorV2Type {\n    text-transform: uppercase;\n    font-weight: 500;\n    font-size: 11px;\n    letter-spacing: 2px;\n    color: #666;\n    margin: 12px 0;\n    display: block;\n}\n\n.recomendadorV2Title h2 {\n    padding-top: 0px !important;\n    margin: 0px !important;\n    border-left: none !important;\n    padding-left: 0px !important;\n    line-height: 1.3;\n    color: #000 !important;\n    font-size: 24px;\n    margin-bottom: 12px !important;\n}\n\n.recomendadorV2Desc {\n    color: #333;\n    margin: 12px 0px !important;\n    font-size: 15px;\n    line-height: 1.5;\n}\n\n.recomendadorV2Button {\n    width: auto;\n    max-width: 200px;\n    margin: 0;\n    display: inline-flex;\n    align-items: center;\n    background: #1D3557;\n    border-radius: 8px;\n    color: #fff;\n    height: 36px;\n    justify-content: center;\n    text-align: center;\n    font-size: 14px;\n    padding: 0 20px;\n    transition: background-color 0.2s ease;\n}\n\n.recomendadorV2Button:hover {\n    background: #2a4d7a;\n}\n\n.recomendadorV2Button:after {\n    margin-top: -2px;\n    content: \"\u2192\";\n    padding: 0px 0px 0px 8px;\n}\n\n.recomendadorV2Alert {\n    text-align: left;\n    font-size: 11px;\n    margin-top: 8px;\n    color: #666;\n}\n\n.recomendadorFixedArea {\n    width: 100%;\n    display: flex;\n    justify-content: center;\n    align-items: center;\n}\n\n@media (min-width: 992px) {\n    #recomendadorFixed {\n        width: 32% !important;\n        left: 5%;\n    }\n    .recomendadorCloseFixed{\n        right: inherit !important;\n        left: 378px !important;\n    }\n}\n\n#recomendadorFixed {\n    width: 90%;\n    box-shadow: 0 10px 20px 0px #00000057;\n    display: none;\n    height: 90px;\n    background: #F6F6F6;\n    position: fixed;\n    flex-direction: row;\n    bottom: 10px;\n    z-index: 9999;\n    border-radius: 16px;\n    padding: 7px 10px;\n}\n\n.recomendadorLeftArea {\n    width: 160px;\n}\n\n.recomendadorRightArea h2 {\n    padding-top: 0px;\n    margin: 2px 0px 4px 0px !important;\n    font-weight: 400;\n    text-align: center;\n    padding-left: 0px !important;\n    color: #000 !important;\n    border-left: none !important;\n    line-height: 20px;\n    font-size: 12px !important;\n}\n\n.recomendadorImgFixed {\n    overflow: hidden;\n    padding: 8px 6px;\n    height: 100%;\n}\n\n.recomendadorImgFixed img {\n    height: 100% !important;\n    border-radius: 16px;\n}\n\n.recomendadorRightArea {\n    padding-top: 6px;\n    display: flex;\n    width: calc(100% - 130px);\n    justify-content: space-between;\n    align-items: center;\n    flex-direction: column;\n}\n\n.recomendadorButtonFixed {\n    margin: 0 auto;\n    background: #1D3557;\n    width: 80%;\n    text-align: center;\n    font-size: 10px;\n    color: #FFF;\n    padding: 2px 10px;\n    border-radius: 3px;\n}\n\n.recomendadorButtonFixed:after {\n    margin-top: -3px;\n    content: \"\u2192\";\n    padding: 0px 0px 0px 10px;\n}\n\n.recomendadorAlertFixed {\n    font-weight: 400;\n    text-align: center;\n    color: #484848;\n    font-size: 8px;\n}\n\n.recomendadorCloseFixed {\n    z-index: 99999;\n    display: none;\n    right: 0px;\n    left: inherit;\n    bottom: 99px;\n    position: fixed;\n    justify-content: center;\n    background: #F6F6F6;\n    width: 25px;\n    align-items: center;\n    height: 25px;\n    font-weight: 800;\n    border-radius: 50%;\n    border: 1px solid #EBEBEB;\n}\n\n.recomendadorV2Desc{\n    color: #000000;\n    margin: 20px 0px;\n}\n\n@media (max-width: 576px) {\n    .recomendadorV2Area {\n      padding: 10px;\n      max-width: 100%;\n    }\n  \n    .recomendadorV2Area1 img {\n      width: 100%;\n      border-radius: 6px;\n    }\n  \n    .recomendadorV2Area2 .recomendadorV2Type {\n      font-size: 9px;\n      letter-spacing: 1px;\n      margin: 8px 0;\n    }\n  \n    .recomendadorV2Title h2 {\n      font-size: 18px !important;\n      margin-bottom: 8px !important;\n      line-height: 1.2;\n    }\n  \n    .recomendadorV2Desc {\n      font-size: 14px;\n      margin: 8px 0 !important;\n      line-height: 1.4;\n    }\n  \n    .recomendadorV2Button {\n      font-size: 14px;\n      height: 40px;\n      padding: 0 12px;\n      max-width: 100%;\n      width: 100%;\n    }\n  \n    .recomendadorV2Button:after {\n      padding-left: 6px;\n    }\n  }\n  <\/style>\n        <div class=\"lazyblock-recomendador-v2-2jDGz wp-block-lazyblock-recomendador-v2\">\n        <a class=\"linkrecomendadorv2\" href=\"https:\/\/diariodocomercio.com.br\/mix\/5-aparelhos-que-voce-deve-desconectar-da-tomada-sempre-que-sair-de-casa\/\">\n            <div class=\"recomendadorV2Area\">\n            <div class=\"recomendadorV2Area1\">\n                <div class=\"recomendadorV2Img\">\n                <img class=\"lazyloaded\" decoding=\"async\" src=\"https:\/\/diariodocomercio.com.br\/mix\/wp-content\/uploads\/2026\/04\/tomada.jpg\" data-src=\"https:\/\/diariodocomercio.com.br\/mix\/wp-content\/uploads\/2026\/04\/tomada.jpg\" alt=\"\">\n                <\/div>\n            <\/div>\n            <div class=\"recomendadorV2Area2\">\n                <div class=\"recomendadorV2Type\">\n                    <span>CASA<\/span>\n                <\/div>\n                <div class=\"recomendadorV2Title\">\n                <h2><span>5 aparelhos que voc\u00ea deve desconectar da tomada sempre que sair de casa<\/span><\/h2>\n                <\/div>\n                <div class=\"recomendadorV2Desc\">\n                <span>O que voc\u00ea faz antes de sair de casa? Provavelmente fecha as janelas, apaga as luzes, tranca a porta\u2026 mas \u2026<\/span>\n                <\/div>\n                <div class=\"recomendadorV2Button\">Leia mais<\/div>\n                <div class=\"recomendadorV2Alert\"><\/div>\n            <\/div>\n            <\/div>\n        <\/a>\n        <div>\n            <div style=\"z-index:99999;\" id=\"buttonClose\" onclick=\"closeRecomendadorFixed()\">\n            <div class=\"recomendadorCloseFixed\">X<\/div>\n            <\/div>\n            <a href=\"https:\/\/diariodocomercio.com.br\/mix\/5-aparelhos-que-voce-deve-desconectar-da-tomada-sempre-que-sair-de-casa\/\">\n            <div class=\"recomendadorFixedArea\">\n                <div id=\"recomendadorFixed\">\n                <div class=\"recomendadorLeftArea\">\n                    <div class=\"recomendadorImgFixed\">\n                    <img class=\"lazyload\" decoding=\"async\" src=\"https:\/\/diariodocomercio.com.br\/mix\/wp-content\/uploads\/2026\/04\/tomada.jpg\" alt=\"\">\n                    <\/div>\n                <\/div>\n                <div class=\"recomendadorRightArea\">\n                    <div class=\"recomendadorTitleFixed\">\n                    <h2><span>5 aparelhos que voc\u00ea deve desconectar da tomada sempre que sair de casa<\/span><\/h2>\n                    <\/div>\n                    <div class=\"recomendadorButtonFixed\">Leia mais<\/div>\n                    <div class=\"recomendadorAlertFixed\"><\/div>\n                <\/div>\n                <\/div>\n            <\/div>\n            <\/a>\n        <\/div>\n        <\/div>\n","protected":false},"excerpt":{"rendered":"<p>Uma Pesquisa Nacional de Sa\u00fade do Escolar (PeNSe) revelou dados preocupantes sobre a sa\u00fade mental de adolescentes brasileiros. De acordo com o estudo divulgado pelo IBGE (Instituto Brasileiro de Geografia e Estat\u00edstica), tr\u00eas em cada dez estudantes de 13 a 17 anos afirmaram se sentir tristes sempre ou na maioria das vezes. Uma propor\u00e7\u00e3o semelhante [&hellip;]<\/p>\n","protected":false},"author":6,"featured_media":43368,"comment_status":"closed","ping_status":"closed","sticky":false,"template":"","format":"standard","meta":{"jnews-multi-image_gallery":[],"jnews_single_post":{"format":"standard"},"jnews_primary_category":[],"jnews_social_meta":[],"jnews_override_counter":[],"jnews_post_split":[],"footnotes":""},"categories":[1],"tags":[],"class_list":["post-43367","post","type-post","status-publish","format-standard","has-post-thumbnail","hentry","category-geral"],"_referencia":"","_links":{"self":[{"href":"https:\/\/diariodocomercio.com.br\/mix\/wp-json\/wp\/v2\/posts\/43367","targetHints":{"allow":["GET"]}}],"collection":[{"href":"https:\/\/diariodocomercio.com.br\/mix\/wp-json\/wp\/v2\/posts"}],"about":[{"href":"https:\/\/diariodocomercio.com.br\/mix\/wp-json\/wp\/v2\/types\/post"}],"author":[{"embeddable":true,"href":"https:\/\/diariodocomercio.com.br\/mix\/wp-json\/wp\/v2\/users\/6"}],"replies":[{"embeddable":true,"href":"https:\/\/diariodocomercio.com.br\/mix\/wp-json\/wp\/v2\/comments?post=43367"}],"version-history":[{"count":1,"href":"https:\/\/diariodocomercio.com.br\/mix\/wp-json\/wp\/v2\/posts\/43367\/revisions"}],"predecessor-version":[{"id":43369,"href":"https:\/\/diariodocomercio.com.br\/mix\/wp-json\/wp\/v2\/posts\/43367\/revisions\/43369"}],"wp:featuredmedia":[{"embeddable":true,"href":"https:\/\/diariodocomercio.com.br\/mix\/wp-json\/wp\/v2\/media\/43368"}],"wp:attachment":[{"href":"https:\/\/diariodocomercio.com.br\/mix\/wp-json\/wp\/v2\/media?parent=43367"}],"wp:term":[{"taxonomy":"category","embeddable":true,"href":"https:\/\/diariodocomercio.com.br\/mix\/wp-json\/wp\/v2\/categories?post=43367"},{"taxonomy":"post_tag","embeddable":true,"href":"https:\/\/diariodocomercio.com.br\/mix\/wp-json\/wp\/v2\/tags?post=43367"}],"curies":[{"name":"wp","href":"https:\/\/api.w.org\/{rel}","templated":true}]}}