{"id":43388,"date":"2026-04-28T09:03:39","date_gmt":"2026-04-28T12:03:39","guid":{"rendered":"https:\/\/diariodocomercio.com.br\/mix\/?p=43388"},"modified":"2026-04-28T09:03:42","modified_gmt":"2026-04-28T12:03:42","slug":"governo-lula-assina-decreto-que-afeta-700-milhoes-de-pessoas-no-mundo","status":"publish","type":"post","link":"https:\/\/diariodocomercio.com.br\/mix\/governo-lula-assina-decreto-que-afeta-700-milhoes-de-pessoas-no-mundo\/","title":{"rendered":"Governo Lula assina decreto que afeta 700 milh\u00f5es de pessoas no mundo"},"content":{"rendered":"\n<p>Nesta ter\u00e7a-feira (28), o presidente Luiz In\u00e1cio Lula da Silva (PT) vai assinar o decreto de promulga\u00e7\u00e3o do acordo entre o Mercosul, bloco econ\u00f4mico da Am\u00e9rica Latina do qual o Brasil faz parte, e a Uni\u00e3o Europeia. A assinatura ser\u00e1 em um evento no Pal\u00e1cio do Planalto. Depois de mais de 20 anos de negocia\u00e7\u00e3o, o acordo entra em vigor de forma provis\u00f3ria a partir desta sexta-feira (1\u00ba de maio).<\/p>\n\n\n\n<p><em>&#8220;O acordo entre Mercosul e Uni\u00e3o Europeia conecta dois blocos econ\u00f4micos que juntos representam mais de 700 milh\u00f5es de pessoas e um quarto da economia mundial&#8221;<\/em>, declarou o vice-presidente Geraldo Alckmin.<em> &#8220;Trata-se do maior acordo j\u00e1 negociado pelo Mercosul e o maior acordo entre blocos do mundo&#8221;<\/em>, completou.<\/p>\n\n\n\n<p>O acordo entre os blocos prev\u00ea a redu\u00e7\u00e3o de tarifas, para 91% dos produtos importados pelo Mercosul e 95% dos importados pela Uni\u00e3o Europeia. De acordo com a CNN Brasil, o acordo foi uma das prioridades do governo Lula junto ao Congresso no in\u00edcio do ano, j\u00e1 que ele provavelmente ser\u00e1 usado como uma das &#8220;vitrines&#8221; durante as elei\u00e7\u00f5es deste ano.<\/p>\n\n\n\n<p>Al\u00e9m da quest\u00e3o das tarifas, o acordo entre Mercosul e Uni\u00e3o Europeia inclui defini\u00e7\u00f5es sobre compromissos ambientais, compras p\u00fablicas, investimentos e facilita\u00e7\u00f5es para pequenas e m\u00e9dias empresas, segundo a CNN.<\/p>\n\n\n\n<p><em>&#8220;Talvez n\u00f3s estejamos na forma\u00e7\u00e3o do maior bloco econ\u00f4mico formado nos \u00faltimos tempos. Estamos falando de 720 milh\u00f5es de pessoas que estar\u00e3o conectadas no mesmo com\u00e9rcio. \u00c9 um acordo de livre com\u00e9rcio&#8221;<\/em>,\u00a0afirmou o ministro do Desenvolvimento, Ind\u00fastria e Com\u00e9rcio, M\u00e1rcio Elias Rosa, \u00e0 EBC.<\/p>\n\n\n\n<h2 class=\"wp-block-heading\">Quais pa\u00edses fazem parte do Mercosul?<\/h2>\n\n\n\n<p><strong>Estados Partes<\/strong><\/p>\n\n\n\n<ul class=\"wp-block-list\">\n<li>Argentina<\/li>\n\n\n\n<li>Bol\u00edvia (em processo de ades\u00e3o)<\/li>\n\n\n\n<li>Brasil<\/li>\n\n\n\n<li>Paraguai<\/li>\n\n\n\n<li>Uruguai<\/li>\n\n\n\n<li>Venezuela (suspensa desde 2017)<\/li>\n<\/ul>\n\n\n\n<p><strong>Estados Associados<\/strong><\/p>\n\n\n\n<ul class=\"wp-block-list\">\n<li>Chile<\/li>\n\n\n\n<li>Col\u00f4mbia<\/li>\n\n\n\n<li>Ecuador<\/li>\n\n\n\n<li>Guiana<\/li>\n\n\n\n<li>Panam\u00e1<\/li>\n\n\n\n<li>Per\u00fa<\/li>\n\n\n\n<li>Suriname<\/li>\n<\/ul>\n\n\n\n<style>@media (min-width: 992px) {\n    .recomendadorV2Area1 {\n        width: 280px;\n    }\n    .recomendadorV2Area2 {\n        padding: 0px 20px;\n        width: calc(100% - 280px);\n    }\n}\n\n@media (max-width: 992px) {\n    .recomendadorV2Button {\n        margin: 0 auto;\n    }\n    .recomendadorV2Area {\n        flex-direction: column;\n        text-align: center;\n    }\n    .recomendadorV2Area2 {\n        padding: 0px 20px;\n    }\n}\n\n.recomendadorV2Area {\n    background: #eeeeee3d;\n    border-radius: 10px;\n    padding: 15px;\n    display: flex;\n    margin: 15px auto;\n    border: 1px solid #00000014;\n    max-width: 800px;\n}\n\n.recomendadorV2Area1 img {\n    width: 280px;\n    height: auto;\n    border-radius: 8px;\n}\n\n.linkrecomendadorv2 {\n    text-decoration: none !important;\n}\n\n.recomendadorV2Area2 .recomendadorV2Type {\n    text-transform: uppercase;\n    font-weight: 500;\n    font-size: 11px;\n    letter-spacing: 2px;\n    color: #666;\n    margin: 12px 0;\n    display: block;\n}\n\n.recomendadorV2Title h2 {\n    padding-top: 0px !important;\n    margin: 0px !important;\n    border-left: none !important;\n    padding-left: 0px !important;\n    line-height: 1.3;\n    color: #000 !important;\n    font-size: 24px;\n    margin-bottom: 12px !important;\n}\n\n.recomendadorV2Desc {\n    color: #333;\n    margin: 12px 0px !important;\n    font-size: 15px;\n    line-height: 1.5;\n}\n\n.recomendadorV2Button {\n    width: auto;\n    max-width: 200px;\n    margin: 0;\n    display: inline-flex;\n    align-items: center;\n    background: #1D3557;\n    border-radius: 8px;\n    color: #fff;\n    height: 36px;\n    justify-content: center;\n    text-align: center;\n    font-size: 14px;\n    padding: 0 20px;\n    transition: background-color 0.2s ease;\n}\n\n.recomendadorV2Button:hover {\n    background: #2a4d7a;\n}\n\n.recomendadorV2Button:after {\n    margin-top: -2px;\n    content: \"\u2192\";\n    padding: 0px 0px 0px 8px;\n}\n\n.recomendadorV2Alert {\n    text-align: left;\n    font-size: 11px;\n    margin-top: 8px;\n    color: #666;\n}\n\n.recomendadorFixedArea {\n    width: 100%;\n    display: flex;\n    justify-content: center;\n    align-items: center;\n}\n\n@media (min-width: 992px) {\n    #recomendadorFixed {\n        width: 32% !important;\n        left: 5%;\n    }\n    .recomendadorCloseFixed{\n        right: inherit !important;\n        left: 378px !important;\n    }\n}\n\n#recomendadorFixed {\n    width: 90%;\n    box-shadow: 0 10px 20px 0px #00000057;\n    display: none;\n    height: 90px;\n    background: #F6F6F6;\n    position: fixed;\n    flex-direction: row;\n    bottom: 10px;\n    z-index: 9999;\n    border-radius: 16px;\n    padding: 7px 10px;\n}\n\n.recomendadorLeftArea {\n    width: 160px;\n}\n\n.recomendadorRightArea h2 {\n    padding-top: 0px;\n    margin: 2px 0px 4px 0px !important;\n    font-weight: 400;\n    text-align: center;\n    padding-left: 0px !important;\n    color: #000 !important;\n    border-left: none !important;\n    line-height: 20px;\n    font-size: 12px !important;\n}\n\n.recomendadorImgFixed {\n    overflow: hidden;\n    padding: 8px 6px;\n    height: 100%;\n}\n\n.recomendadorImgFixed img {\n    height: 100% !important;\n    border-radius: 16px;\n}\n\n.recomendadorRightArea {\n    padding-top: 6px;\n    display: flex;\n    width: calc(100% - 130px);\n    justify-content: space-between;\n    align-items: center;\n    flex-direction: column;\n}\n\n.recomendadorButtonFixed {\n    margin: 0 auto;\n    background: #1D3557;\n    width: 80%;\n    text-align: center;\n    font-size: 10px;\n    color: #FFF;\n    padding: 2px 10px;\n    border-radius: 3px;\n}\n\n.recomendadorButtonFixed:after {\n    margin-top: -3px;\n    content: \"\u2192\";\n    padding: 0px 0px 0px 10px;\n}\n\n.recomendadorAlertFixed {\n    font-weight: 400;\n    text-align: center;\n    color: #484848;\n    font-size: 8px;\n}\n\n.recomendadorCloseFixed {\n    z-index: 99999;\n    display: none;\n    right: 0px;\n    left: inherit;\n    bottom: 99px;\n    position: fixed;\n    justify-content: center;\n    background: #F6F6F6;\n    width: 25px;\n    align-items: center;\n    height: 25px;\n    font-weight: 800;\n    border-radius: 50%;\n    border: 1px solid #EBEBEB;\n}\n\n.recomendadorV2Desc{\n    color: #000000;\n    margin: 20px 0px;\n}\n\n@media (max-width: 576px) {\n    .recomendadorV2Area {\n      padding: 10px;\n      max-width: 100%;\n    }\n  \n    .recomendadorV2Area1 img {\n      width: 100%;\n      border-radius: 6px;\n    }\n  \n    .recomendadorV2Area2 .recomendadorV2Type {\n      font-size: 9px;\n      letter-spacing: 1px;\n      margin: 8px 0;\n    }\n  \n    .recomendadorV2Title h2 {\n      font-size: 18px !important;\n      margin-bottom: 8px !important;\n      line-height: 1.2;\n    }\n  \n    .recomendadorV2Desc {\n      font-size: 14px;\n      margin: 8px 0 !important;\n      line-height: 1.4;\n    }\n  \n    .recomendadorV2Button {\n      font-size: 14px;\n      height: 40px;\n      padding: 0 12px;\n      max-width: 100%;\n      width: 100%;\n    }\n  \n    .recomendadorV2Button:after {\n      padding-left: 6px;\n    }\n  }\n  <\/style>\n        <div class=\"lazyblock-recomendador-v2-2jDGz wp-block-lazyblock-recomendador-v2\">\n        <a class=\"linkrecomendadorv2\" href=\"https:\/\/diariodocomercio.com.br\/mix\/jovem-fica-uma-semana-no-hospital-depois-de-aplicar-soro-do-rejuvenescimento\/\">\n            <div class=\"recomendadorV2Area\">\n            <div class=\"recomendadorV2Area1\">\n                <div class=\"recomendadorV2Img\">\n                <img class=\"lazyloaded\" decoding=\"async\" src=\"https:\/\/diariodocomercio.com.br\/mix\/wp-content\/uploads\/2026\/04\/isabella-robayo.jpg\" data-src=\"https:\/\/diariodocomercio.com.br\/mix\/wp-content\/uploads\/2026\/04\/isabella-robayo.jpg\" alt=\"\">\n                <\/div>\n            <\/div>\n            <div class=\"recomendadorV2Area2\">\n                <div class=\"recomendadorV2Type\">\n                    <span>CASOS BIZARROS<\/span>\n                <\/div>\n                <div class=\"recomendadorV2Title\">\n                <h2><span>Jovem fica uma semana no hospital depois de aplicar &quot;soro do rejuvenescimento&quot;<\/span><\/h2>\n                <\/div>\n                <div class=\"recomendadorV2Desc\">\n                <span>A criadora de conte\u00fado colombiana Isabella Robayo chocou os seus seguidores ao contar que teve que passar dias no hospital \u2026<\/span>\n                <\/div>\n                <div class=\"recomendadorV2Button\">Leia mais<\/div>\n                <div class=\"recomendadorV2Alert\"><\/div>\n            <\/div>\n            <\/div>\n        <\/a>\n        <div>\n            <div style=\"z-index:99999;\" id=\"buttonClose\" onclick=\"closeRecomendadorFixed()\">\n            <div class=\"recomendadorCloseFixed\">X<\/div>\n            <\/div>\n            <a href=\"https:\/\/diariodocomercio.com.br\/mix\/jovem-fica-uma-semana-no-hospital-depois-de-aplicar-soro-do-rejuvenescimento\/\">\n            <div class=\"recomendadorFixedArea\">\n                <div id=\"recomendadorFixed\">\n                <div class=\"recomendadorLeftArea\">\n                    <div class=\"recomendadorImgFixed\">\n                    <img class=\"lazyload\" decoding=\"async\" src=\"https:\/\/diariodocomercio.com.br\/mix\/wp-content\/uploads\/2026\/04\/isabella-robayo.jpg\" alt=\"\">\n                    <\/div>\n                <\/div>\n                <div class=\"recomendadorRightArea\">\n                    <div class=\"recomendadorTitleFixed\">\n                    <h2><span>Jovem fica uma semana no hospital depois de aplicar &quot;soro do rejuvenescimento&quot;<\/span><\/h2>\n                    <\/div>\n                    <div class=\"recomendadorButtonFixed\">Leia mais<\/div>\n                    <div class=\"recomendadorAlertFixed\"><\/div>\n                <\/div>\n                <\/div>\n            <\/div>\n            <\/a>\n        <\/div>\n        <\/div>\n","protected":false},"excerpt":{"rendered":"<p>Nesta ter\u00e7a-feira (28), o presidente Luiz In\u00e1cio Lula da Silva (PT) vai assinar o decreto de promulga\u00e7\u00e3o do acordo entre o Mercosul, bloco econ\u00f4mico da Am\u00e9rica Latina do qual o Brasil faz parte, e a Uni\u00e3o Europeia. A assinatura ser\u00e1 em um evento no Pal\u00e1cio do Planalto. Depois de mais de 20 anos de negocia\u00e7\u00e3o, [&hellip;]<\/p>\n","protected":false},"author":6,"featured_media":42115,"comment_status":"closed","ping_status":"closed","sticky":false,"template":"","format":"standard","meta":{"jnews-multi-image_gallery":[],"jnews_single_post":{"format":"standard"},"jnews_primary_category":[],"jnews_social_meta":[],"jnews_override_counter":[],"jnews_post_split":[],"footnotes":""},"categories":[1],"tags":[],"class_list":["post-43388","post","type-post","status-publish","format-standard","has-post-thumbnail","hentry","category-geral"],"_referencia":"","_links":{"self":[{"href":"https:\/\/diariodocomercio.com.br\/mix\/wp-json\/wp\/v2\/posts\/43388","targetHints":{"allow":["GET"]}}],"collection":[{"href":"https:\/\/diariodocomercio.com.br\/mix\/wp-json\/wp\/v2\/posts"}],"about":[{"href":"https:\/\/diariodocomercio.com.br\/mix\/wp-json\/wp\/v2\/types\/post"}],"author":[{"embeddable":true,"href":"https:\/\/diariodocomercio.com.br\/mix\/wp-json\/wp\/v2\/users\/6"}],"replies":[{"embeddable":true,"href":"https:\/\/diariodocomercio.com.br\/mix\/wp-json\/wp\/v2\/comments?post=43388"}],"version-history":[{"count":1,"href":"https:\/\/diariodocomercio.com.br\/mix\/wp-json\/wp\/v2\/posts\/43388\/revisions"}],"predecessor-version":[{"id":43389,"href":"https:\/\/diariodocomercio.com.br\/mix\/wp-json\/wp\/v2\/posts\/43388\/revisions\/43389"}],"wp:featuredmedia":[{"embeddable":true,"href":"https:\/\/diariodocomercio.com.br\/mix\/wp-json\/wp\/v2\/media\/42115"}],"wp:attachment":[{"href":"https:\/\/diariodocomercio.com.br\/mix\/wp-json\/wp\/v2\/media?parent=43388"}],"wp:term":[{"taxonomy":"category","embeddable":true,"href":"https:\/\/diariodocomercio.com.br\/mix\/wp-json\/wp\/v2\/categories?post=43388"},{"taxonomy":"post_tag","embeddable":true,"href":"https:\/\/diariodocomercio.com.br\/mix\/wp-json\/wp\/v2\/tags?post=43388"}],"curies":[{"name":"wp","href":"https:\/\/api.w.org\/{rel}","templated":true}]}}