{"id":43392,"date":"2026-04-28T09:38:22","date_gmt":"2026-04-28T12:38:22","guid":{"rendered":"https:\/\/diariodocomercio.com.br\/mix\/?p=43392"},"modified":"2026-04-28T09:38:25","modified_gmt":"2026-04-28T12:38:25","slug":"whatsapp-antecipa-fim-de-atividade-no-brasil-e-usuarios-sao-avisados","status":"publish","type":"post","link":"https:\/\/diariodocomercio.com.br\/mix\/whatsapp-antecipa-fim-de-atividade-no-brasil-e-usuarios-sao-avisados\/","title":{"rendered":"WhatsApp antecipa fim de atividade no Brasil e usu\u00e1rios s\u00e3o avisados"},"content":{"rendered":"\n<p>O WhatsApp confirmou mais uma atualiza\u00e7\u00e3o na sua lista de sistemas operacionais compat\u00edveis. A partir do dia 8 de setembro, o aplicativo s\u00f3 vai rodar em aparelhos com o sistema Android 6.0 ou superior (atualiza\u00e7\u00e3o lan\u00e7ada em outubro de 2015). Ou seja, se voc\u00ea tem um celular bem antigo, que j\u00e1 parou de atualizar h\u00e1 tempos, provavelmente voc\u00ea n\u00e3o vai mais conseguir usar o aplicativo de mensagens.<\/p>\n\n\n\n<p>O WhatsApp faz revis\u00f5es peri\u00f3dicas dos sistemas compat\u00edveis com o aplicativo, j\u00e1 que a Meta prioriza uma lista de vers\u00f5es mais recentes de sistemas operacionais. O app n\u00e3o divulga a lista de aparelhos que ser\u00e3o ou n\u00e3o compat\u00edveis, apenas do sistema operacional. De acordo com a Meta, essa retirada de suporte para softwares mais antigos seria porque eles <em>&#8220;podem n\u00e3o abranger as atualiza\u00e7\u00f5es de seguran\u00e7a mais recentes do aplicativo ou n\u00e3o incluir funcionalidades necess\u00e1rias para operar o WhatsApp&#8221;<\/em>, como explica o g1.<\/p>\n\n\n\n<h2 class=\"wp-block-heading\">Como saber se o meu celular ainda vai ter o WhatsApp?<\/h2>\n\n\n\n<p>Se voc\u00ea n\u00e3o ter certeza se ainda vai conseguir usar o WhatsApp no seu celular, calma que n\u00f3s vamos te explicar como conferir o sistema operacional do seu aparelho.<\/p>\n\n\n\n<p><strong>Android<\/strong><\/p>\n\n\n\n<ol class=\"wp-block-list\">\n<li>Configura\u00e7\u00f5es;<\/li>\n\n\n\n<li>Sobre o dispositivo ou sobre o telefone;<\/li>\n\n\n\n<li>Informa\u00e7\u00f5es do software;<\/li>\n\n\n\n<li>Vers\u00e3o do Android.<\/li>\n<\/ol>\n\n\n\n<p>Nesse caso, se o n\u00famero for menor do que 6.0, diga adeus ao seu WhatsApp.<\/p>\n\n\n\n<p><strong>iOS (iPhone)<\/strong><\/p>\n\n\n\n<ol class=\"wp-block-list\">\n<li>Ajustes;<\/li>\n\n\n\n<li>Geral;<\/li>\n\n\n\n<li>Atualiza\u00e7\u00e3o de software;<\/li>\n\n\n\n<li>\u00daltima vers\u00e3o instalada.<\/li>\n<\/ol>\n\n\n\n<p>Mesmo que voc\u00ea n\u00e3o consiga conferir, o WhatsApp vai enviar lembretes para donos de aparelhos com sistemas mais antigos para que os usu\u00e1rios atualizem o sistema (o que nem sempre \u00e9 poss\u00edvel).<\/p>\n\n\n\n<style>@media (min-width: 992px) {\n    .recomendadorV2Area1 {\n        width: 280px;\n    }\n    .recomendadorV2Area2 {\n        padding: 0px 20px;\n        width: calc(100% - 280px);\n    }\n}\n\n@media (max-width: 992px) {\n    .recomendadorV2Button {\n        margin: 0 auto;\n    }\n    .recomendadorV2Area {\n        flex-direction: column;\n        text-align: center;\n    }\n    .recomendadorV2Area2 {\n        padding: 0px 20px;\n    }\n}\n\n.recomendadorV2Area {\n    background: #eeeeee3d;\n    border-radius: 10px;\n    padding: 15px;\n    display: flex;\n    margin: 15px auto;\n    border: 1px solid #00000014;\n    max-width: 800px;\n}\n\n.recomendadorV2Area1 img {\n    width: 280px;\n    height: auto;\n    border-radius: 8px;\n}\n\n.linkrecomendadorv2 {\n    text-decoration: none !important;\n}\n\n.recomendadorV2Area2 .recomendadorV2Type {\n    text-transform: uppercase;\n    font-weight: 500;\n    font-size: 11px;\n    letter-spacing: 2px;\n    color: #666;\n    margin: 12px 0;\n    display: block;\n}\n\n.recomendadorV2Title h2 {\n    padding-top: 0px !important;\n    margin: 0px !important;\n    border-left: none !important;\n    padding-left: 0px !important;\n    line-height: 1.3;\n    color: #000 !important;\n    font-size: 24px;\n    margin-bottom: 12px !important;\n}\n\n.recomendadorV2Desc {\n    color: #333;\n    margin: 12px 0px !important;\n    font-size: 15px;\n    line-height: 1.5;\n}\n\n.recomendadorV2Button {\n    width: auto;\n    max-width: 200px;\n    margin: 0;\n    display: inline-flex;\n    align-items: center;\n    background: #1D3557;\n    border-radius: 8px;\n    color: #fff;\n    height: 36px;\n    justify-content: center;\n    text-align: center;\n    font-size: 14px;\n    padding: 0 20px;\n    transition: background-color 0.2s ease;\n}\n\n.recomendadorV2Button:hover {\n    background: #2a4d7a;\n}\n\n.recomendadorV2Button:after {\n    margin-top: -2px;\n    content: \"\u2192\";\n    padding: 0px 0px 0px 8px;\n}\n\n.recomendadorV2Alert {\n    text-align: left;\n    font-size: 11px;\n    margin-top: 8px;\n    color: #666;\n}\n\n.recomendadorFixedArea {\n    width: 100%;\n    display: flex;\n    justify-content: center;\n    align-items: center;\n}\n\n@media (min-width: 992px) {\n    #recomendadorFixed {\n        width: 32% !important;\n        left: 5%;\n    }\n    .recomendadorCloseFixed{\n        right: inherit !important;\n        left: 378px !important;\n    }\n}\n\n#recomendadorFixed {\n    width: 90%;\n    box-shadow: 0 10px 20px 0px #00000057;\n    display: none;\n    height: 90px;\n    background: #F6F6F6;\n    position: fixed;\n    flex-direction: row;\n    bottom: 10px;\n    z-index: 9999;\n    border-radius: 16px;\n    padding: 7px 10px;\n}\n\n.recomendadorLeftArea {\n    width: 160px;\n}\n\n.recomendadorRightArea h2 {\n    padding-top: 0px;\n    margin: 2px 0px 4px 0px !important;\n    font-weight: 400;\n    text-align: center;\n    padding-left: 0px !important;\n    color: #000 !important;\n    border-left: none !important;\n    line-height: 20px;\n    font-size: 12px !important;\n}\n\n.recomendadorImgFixed {\n    overflow: hidden;\n    padding: 8px 6px;\n    height: 100%;\n}\n\n.recomendadorImgFixed img {\n    height: 100% !important;\n    border-radius: 16px;\n}\n\n.recomendadorRightArea {\n    padding-top: 6px;\n    display: flex;\n    width: calc(100% - 130px);\n    justify-content: space-between;\n    align-items: center;\n    flex-direction: column;\n}\n\n.recomendadorButtonFixed {\n    margin: 0 auto;\n    background: #1D3557;\n    width: 80%;\n    text-align: center;\n    font-size: 10px;\n    color: #FFF;\n    padding: 2px 10px;\n    border-radius: 3px;\n}\n\n.recomendadorButtonFixed:after {\n    margin-top: -3px;\n    content: \"\u2192\";\n    padding: 0px 0px 0px 10px;\n}\n\n.recomendadorAlertFixed {\n    font-weight: 400;\n    text-align: center;\n    color: #484848;\n    font-size: 8px;\n}\n\n.recomendadorCloseFixed {\n    z-index: 99999;\n    display: none;\n    right: 0px;\n    left: inherit;\n    bottom: 99px;\n    position: fixed;\n    justify-content: center;\n    background: #F6F6F6;\n    width: 25px;\n    align-items: center;\n    height: 25px;\n    font-weight: 800;\n    border-radius: 50%;\n    border: 1px solid #EBEBEB;\n}\n\n.recomendadorV2Desc{\n    color: #000000;\n    margin: 20px 0px;\n}\n\n@media (max-width: 576px) {\n    .recomendadorV2Area {\n      padding: 10px;\n      max-width: 100%;\n    }\n  \n    .recomendadorV2Area1 img {\n      width: 100%;\n      border-radius: 6px;\n    }\n  \n    .recomendadorV2Area2 .recomendadorV2Type {\n      font-size: 9px;\n      letter-spacing: 1px;\n      margin: 8px 0;\n    }\n  \n    .recomendadorV2Title h2 {\n      font-size: 18px !important;\n      margin-bottom: 8px !important;\n      line-height: 1.2;\n    }\n  \n    .recomendadorV2Desc {\n      font-size: 14px;\n      margin: 8px 0 !important;\n      line-height: 1.4;\n    }\n  \n    .recomendadorV2Button {\n      font-size: 14px;\n      height: 40px;\n      padding: 0 12px;\n      max-width: 100%;\n      width: 100%;\n    }\n  \n    .recomendadorV2Button:after {\n      padding-left: 6px;\n    }\n  }\n  <\/style>\n        <div class=\"lazyblock-recomendador-v2-2jDGz wp-block-lazyblock-recomendador-v2\">\n        <a class=\"linkrecomendadorv2\" href=\"https:\/\/diariodocomercio.com.br\/mix\/governo-lula-assina-decreto-que-afeta-700-milhoes-de-pessoas-no-mundo\/\">\n            <div class=\"recomendadorV2Area\">\n            <div class=\"recomendadorV2Area1\">\n                <div class=\"recomendadorV2Img\">\n                <img class=\"lazyloaded\" decoding=\"async\" src=\"https:\/\/diariodocomercio.com.br\/mix\/wp-content\/uploads\/2026\/04\/lula.jpg\" data-src=\"https:\/\/diariodocomercio.com.br\/mix\/wp-content\/uploads\/2026\/04\/lula.jpg\" alt=\"\">\n                <\/div>\n            <\/div>\n            <div class=\"recomendadorV2Area2\">\n                <div class=\"recomendadorV2Type\">\n                    <span>ECONOMIA<\/span>\n                <\/div>\n                <div class=\"recomendadorV2Title\">\n                <h2><span>Governo Lula assina decreto que afeta 700 milh\u00f5es de pessoas no mundo<\/span><\/h2>\n                <\/div>\n                <div class=\"recomendadorV2Desc\">\n                <span>Nesta ter\u00e7a-feira (28), o presidente Luiz In\u00e1cio Lula da Silva (PT) vai assinar o decreto de promulga\u00e7\u00e3o do acordo entre \u2026<\/span>\n                <\/div>\n                <div class=\"recomendadorV2Button\">Leia mais<\/div>\n                <div class=\"recomendadorV2Alert\"><\/div>\n            <\/div>\n            <\/div>\n        <\/a>\n        <div>\n            <div style=\"z-index:99999;\" id=\"buttonClose\" onclick=\"closeRecomendadorFixed()\">\n            <div class=\"recomendadorCloseFixed\">X<\/div>\n            <\/div>\n            <a href=\"https:\/\/diariodocomercio.com.br\/mix\/governo-lula-assina-decreto-que-afeta-700-milhoes-de-pessoas-no-mundo\/\">\n            <div class=\"recomendadorFixedArea\">\n                <div id=\"recomendadorFixed\">\n                <div class=\"recomendadorLeftArea\">\n                    <div class=\"recomendadorImgFixed\">\n                    <img class=\"lazyload\" decoding=\"async\" src=\"https:\/\/diariodocomercio.com.br\/mix\/wp-content\/uploads\/2026\/04\/lula.jpg\" alt=\"\">\n                    <\/div>\n                <\/div>\n                <div class=\"recomendadorRightArea\">\n                    <div class=\"recomendadorTitleFixed\">\n                    <h2><span>Governo Lula assina decreto que afeta 700 milh\u00f5es de pessoas no mundo<\/span><\/h2>\n                    <\/div>\n                    <div class=\"recomendadorButtonFixed\">Leia mais<\/div>\n                    <div class=\"recomendadorAlertFixed\"><\/div>\n                <\/div>\n                <\/div>\n            <\/div>\n            <\/a>\n        <\/div>\n        <\/div>\n","protected":false},"excerpt":{"rendered":"<p>O WhatsApp confirmou mais uma atualiza\u00e7\u00e3o na sua lista de sistemas operacionais compat\u00edveis. A partir do dia 8 de setembro, o aplicativo s\u00f3 vai rodar em aparelhos com o sistema Android 6.0 ou superior (atualiza\u00e7\u00e3o lan\u00e7ada em outubro de 2015). Ou seja, se voc\u00ea tem um celular bem antigo, que j\u00e1 parou de atualizar h\u00e1 [&hellip;]<\/p>\n","protected":false},"author":6,"featured_media":43393,"comment_status":"closed","ping_status":"closed","sticky":false,"template":"","format":"standard","meta":{"jnews-multi-image_gallery":[],"jnews_single_post":{"format":"standard"},"jnews_primary_category":[],"jnews_social_meta":[],"jnews_override_counter":[],"jnews_post_split":[],"footnotes":""},"categories":[1],"tags":[],"class_list":["post-43392","post","type-post","status-publish","format-standard","has-post-thumbnail","hentry","category-geral"],"_referencia":"","_links":{"self":[{"href":"https:\/\/diariodocomercio.com.br\/mix\/wp-json\/wp\/v2\/posts\/43392","targetHints":{"allow":["GET"]}}],"collection":[{"href":"https:\/\/diariodocomercio.com.br\/mix\/wp-json\/wp\/v2\/posts"}],"about":[{"href":"https:\/\/diariodocomercio.com.br\/mix\/wp-json\/wp\/v2\/types\/post"}],"author":[{"embeddable":true,"href":"https:\/\/diariodocomercio.com.br\/mix\/wp-json\/wp\/v2\/users\/6"}],"replies":[{"embeddable":true,"href":"https:\/\/diariodocomercio.com.br\/mix\/wp-json\/wp\/v2\/comments?post=43392"}],"version-history":[{"count":1,"href":"https:\/\/diariodocomercio.com.br\/mix\/wp-json\/wp\/v2\/posts\/43392\/revisions"}],"predecessor-version":[{"id":43395,"href":"https:\/\/diariodocomercio.com.br\/mix\/wp-json\/wp\/v2\/posts\/43392\/revisions\/43395"}],"wp:featuredmedia":[{"embeddable":true,"href":"https:\/\/diariodocomercio.com.br\/mix\/wp-json\/wp\/v2\/media\/43393"}],"wp:attachment":[{"href":"https:\/\/diariodocomercio.com.br\/mix\/wp-json\/wp\/v2\/media?parent=43392"}],"wp:term":[{"taxonomy":"category","embeddable":true,"href":"https:\/\/diariodocomercio.com.br\/mix\/wp-json\/wp\/v2\/categories?post=43392"},{"taxonomy":"post_tag","embeddable":true,"href":"https:\/\/diariodocomercio.com.br\/mix\/wp-json\/wp\/v2\/tags?post=43392"}],"curies":[{"name":"wp","href":"https:\/\/api.w.org\/{rel}","templated":true}]}}