{"id":43394,"date":"2026-04-28T09:40:59","date_gmt":"2026-04-28T12:40:59","guid":{"rendered":"https:\/\/diariodocomercio.com.br\/mix\/?p=43394"},"modified":"2026-04-28T09:41:02","modified_gmt":"2026-04-28T12:41:02","slug":"assai-anuncia-reducao-de-47-e-novo-valor-chama-atencao","status":"publish","type":"post","link":"https:\/\/diariodocomercio.com.br\/mix\/assai-anuncia-reducao-de-47-e-novo-valor-chama-atencao\/","title":{"rendered":"Assa\u00ed anuncia redu\u00e7\u00e3o de 47% e novo valor chama aten\u00e7\u00e3o"},"content":{"rendered":"\n<p>O Assa\u00ed Atacadista registrou lucro l\u00edquido de R$ 86 milh\u00f5es no primeiro trimestre de 2026, o que representa uma queda de 46,7% em rela\u00e7\u00e3o ao mesmo per\u00edodo do ano anterior. O resultado foi divulgado nesta segunda-feira (27) e reflete um cen\u00e1rio considerado at\u00edpico para o setor.<\/p>\n\n\n\n<p>Apesar da forte retra\u00e7\u00e3o no lucro, a companhia informou que, ao considerar cr\u00e9ditos adicionais de PIS\/Cofins, o resultado ajustado chega a R$ 367 milh\u00f5es no per\u00edodo, suavizando parcialmente o impacto negativo.<\/p>\n\n\n\n<p>De acordo com a empresa, o in\u00edcio do ano foi marcado por um conjunto de fatores incomuns, especialmente a queda simult\u00e2nea nos pre\u00e7os de produtos b\u00e1sicos. Itens como arroz, feij\u00e3o, a\u00e7\u00facar, \u00f3leo de soja, farinha de trigo e leite UHT registraram defla\u00e7\u00e3o m\u00e9dia de cerca de 12% no trimestre.<\/p>\n\n\n\n<p>Segundo o pr\u00f3prio Assa\u00ed, esse movimento \u00e9 raro no setor e impacta diretamente o desempenho da rede, que atende principalmente consumidores de menor renda.<\/p>\n\n\n\n<p>Entre janeiro e mar\u00e7o, a companhia apurou receita l\u00edquida de R$ 18,64 bilh\u00f5es, praticamente est\u00e1vel na compara\u00e7\u00e3o anual. O n\u00famero ficou levemente abaixo das expectativas do mercado, que projetava cerca de R$ 18,95 bilh\u00f5es.<\/p>\n\n\n\n<p>O Ebitda ajustado, indicador que mede o desempenho operacional, somou aproximadamente R$ 1,02 bilh\u00e3o, tamb\u00e9m abaixo das estimativas de analistas, mas pr\u00f3ximo do registrado no mesmo per\u00edodo do ano passado.<\/p>\n\n\n\n<h2 class=\"wp-block-heading\"><strong>Custos e despesas<\/strong><\/h2>\n\n\n\n<p>O custo das mercadorias vendidas recuou 2,4%, totalizando R$ 15,1 bilh\u00f5es, enquanto o lucro bruto atingiu R$ 3,52 bilh\u00f5es, com crescimento de 14,9% em um ano.<\/p>\n\n\n\n<p>J\u00e1 as despesas com vendas, gerais e administrativas ficaram em R$ 1,75 bilh\u00e3o, praticamente est\u00e1veis. Por outro lado, o resultado financeiro l\u00edquido apresentou piora de 10,1%, com saldo negativo de R$ 870 milh\u00f5es.<\/p>\n\n\n\n<p>Ao final de mar\u00e7o, a d\u00edvida l\u00edquida da companhia estava em R$ 11,5 bilh\u00f5es, com \u00edndice de alavancagem de 2,52 vezes. Mesmo com os desafios no trimestre, o Assa\u00ed segue como uma das principais redes do varejo alimentar no Brasil.<\/p>\n\n\n\n<p>Levantamento recente aponta a empresa como a marca mais valiosa do pa\u00eds no segmento de atacarejo, com valor estimado em mais de R$ 12 bilh\u00f5es, \u00e0 frente de concorrentes tradicionais.<\/p>\n","protected":false},"excerpt":{"rendered":"<p>O Assa\u00ed Atacadista registrou lucro l\u00edquido de R$ 86 milh\u00f5es no primeiro trimestre de 2026, o que representa uma queda de 46,7% em rela\u00e7\u00e3o ao mesmo per\u00edodo do ano anterior. O resultado foi divulgado nesta segunda-feira (27) e reflete um cen\u00e1rio considerado at\u00edpico para o setor. Apesar da forte retra\u00e7\u00e3o no lucro, a companhia informou [&hellip;]<\/p>\n","protected":false},"author":9,"featured_media":22945,"comment_status":"closed","ping_status":"closed","sticky":false,"template":"","format":"standard","meta":{"jnews-multi-image_gallery":[],"jnews_single_post":{"format":"standard"},"jnews_primary_category":[],"jnews_social_meta":[],"jnews_override_counter":[],"jnews_post_split":[],"footnotes":""},"categories":[1],"tags":[],"class_list":["post-43394","post","type-post","status-publish","format-standard","has-post-thumbnail","hentry","category-geral"],"_referencia":"","_links":{"self":[{"href":"https:\/\/diariodocomercio.com.br\/mix\/wp-json\/wp\/v2\/posts\/43394","targetHints":{"allow":["GET"]}}],"collection":[{"href":"https:\/\/diariodocomercio.com.br\/mix\/wp-json\/wp\/v2\/posts"}],"about":[{"href":"https:\/\/diariodocomercio.com.br\/mix\/wp-json\/wp\/v2\/types\/post"}],"author":[{"embeddable":true,"href":"https:\/\/diariodocomercio.com.br\/mix\/wp-json\/wp\/v2\/users\/9"}],"replies":[{"embeddable":true,"href":"https:\/\/diariodocomercio.com.br\/mix\/wp-json\/wp\/v2\/comments?post=43394"}],"version-history":[{"count":1,"href":"https:\/\/diariodocomercio.com.br\/mix\/wp-json\/wp\/v2\/posts\/43394\/revisions"}],"predecessor-version":[{"id":43397,"href":"https:\/\/diariodocomercio.com.br\/mix\/wp-json\/wp\/v2\/posts\/43394\/revisions\/43397"}],"wp:featuredmedia":[{"embeddable":true,"href":"https:\/\/diariodocomercio.com.br\/mix\/wp-json\/wp\/v2\/media\/22945"}],"wp:attachment":[{"href":"https:\/\/diariodocomercio.com.br\/mix\/wp-json\/wp\/v2\/media?parent=43394"}],"wp:term":[{"taxonomy":"category","embeddable":true,"href":"https:\/\/diariodocomercio.com.br\/mix\/wp-json\/wp\/v2\/categories?post=43394"},{"taxonomy":"post_tag","embeddable":true,"href":"https:\/\/diariodocomercio.com.br\/mix\/wp-json\/wp\/v2\/tags?post=43394"}],"curies":[{"name":"wp","href":"https:\/\/api.w.org\/{rel}","templated":true}]}}