{"id":43398,"date":"2026-04-28T10:06:00","date_gmt":"2026-04-28T13:06:00","guid":{"rendered":"https:\/\/diariodocomercio.com.br\/mix\/?p=43398"},"modified":"2026-04-28T09:47:22","modified_gmt":"2026-04-28T12:47:22","slug":"governo-confirma-novo-programa-para-brasileiros-endividados-e-valor-devido-pode-praticamente-desaparecer-do-sistema","status":"publish","type":"post","link":"https:\/\/diariodocomercio.com.br\/mix\/governo-confirma-novo-programa-para-brasileiros-endividados-e-valor-devido-pode-praticamente-desaparecer-do-sistema\/","title":{"rendered":"Governo confirma novo programa para brasileiros endividados e valor devido pode praticamente desaparecer do sistema"},"content":{"rendered":"\n<p>Em meio ao avan\u00e7o recorde da inadimpl\u00eancia no pa\u00eds, o governo do presidente Luiz In\u00e1cio Lula da Silva prepara o lan\u00e7amento de um novo programa de renegocia\u00e7\u00e3o de d\u00edvidas que pode reduzir em at\u00e9 90% os valores devidos por milh\u00f5es de brasileiros. A iniciativa, apelidada de Desenrola 2.0, deve ser anunciada ainda nesta semana.<\/p>\n\n\n\n<p>Atualmente, o Brasil soma cerca de 82,8 milh\u00f5es de pessoas inadimplentes, segundo dados recentes, cen\u00e1rio que tem pressionado a economia e impactado diretamente o consumo das fam\u00edlias, especialmente de baixa renda.<\/p>\n\n\n\n<p>O novo programa prev\u00ea que institui\u00e7\u00f5es financeiras ofere\u00e7am descontos expressivos sobre d\u00edvidas em aberto, podendo chegar a at\u00e9 90% do valor total. Em contrapartida, o governo federal deve atuar como garantidor das opera\u00e7\u00f5es, cobrindo eventuais calotes dos consumidores que aderirem \u00e0 renegocia\u00e7\u00e3o.<\/p>\n\n\n\n<p>Para viabilizar a medida, est\u00e1 previsto um aporte de aproximadamente R$ 10 bilh\u00f5es do Tesouro Nacional, que tamb\u00e9m servir\u00e1 para dar seguran\u00e7a ao sistema financeiro durante o processo de refinanciamento.<\/p>\n\n\n\n<p>Al\u00e9m disso, o governo estabeleceu um teto de juros para as d\u00edvidas renegociadas, que deve ficar em torno de 1,99% ao m\u00eas, abaixo das taxas inicialmente discutidas.<\/p>\n\n\n\n<h2 class=\"wp-block-heading\"><strong>Uso do FGTS entra no programa<\/strong><\/h2>\n\n\n\n<p>Uma das principais novidades confirmadas pelo Minist\u00e9rio da Fazenda \u00e9 a possibilidade de utiliza\u00e7\u00e3o do FGTS para quitar ou abater d\u00e9bitos.<\/p>\n\n\n\n<p>Segundo o secret\u00e1rio-executivo da pasta, Dario Durigan, o uso do fundo ser\u00e1 limitado a um percentual do saldo dispon\u00edvel e vinculado diretamente ao pagamento das d\u00edvidas inclu\u00eddas no programa.<\/p>\n\n\n\n<p>Na pr\u00e1tica, o trabalhador poder\u00e1 usar o FGTS para quitar integralmente d\u00e9bitos menores ou amortizar parte da d\u00edvida. Em casos em que o saldo n\u00e3o cubra o valor total, estudos indicam que o uso poder\u00e1 ser limitado a cerca de 20% do d\u00e9bito.<\/p>\n\n\n\n<h2 class=\"wp-block-heading\"><strong>P\u00fablico-alvo e regras<\/strong><\/h2>\n\n\n\n<p>O Desenrola 2.0 deve atender pessoas com renda de at\u00e9 cinco sal\u00e1rios m\u00ednimos, o equivalente a cerca de R$ 8.105. O foco principal s\u00e3o fam\u00edlias de baixa renda, que concentram a maior parte dos casos de inadimpl\u00eancia no pa\u00eds.<\/p>\n\n\n\n<p>A ades\u00e3o depender\u00e1 de acordos firmados entre bancos, fintechs e o governo, que v\u00eam discutindo os detalhes finais do programa nos \u00faltimos dias.<\/p>\n\n\n\n<h2 class=\"wp-block-heading\"><strong>Cr\u00edticas e preocupa\u00e7\u00f5es<\/strong><\/h2>\n\n\n\n<p>Apesar do consenso entre o governo e parte do setor financeiro, a proposta enfrenta cr\u00edticas, especialmente em rela\u00e7\u00e3o ao uso do FGTS. Entidades do setor imobili\u00e1rio avaliam que a medida pode desviar recursos originalmente destinados \u00e0 habita\u00e7\u00e3o e reduzir a prote\u00e7\u00e3o financeira dos trabalhadores.<\/p>\n\n\n\n<p>Outro ponto levantado por analistas \u00e9 o impacto fiscal da iniciativa, j\u00e1 que o governo assumir\u00e1 parte dos riscos das renegocia\u00e7\u00f5es.<\/p>\n\n\n\n<p>A cria\u00e7\u00e3o do programa ocorre em um momento de percep\u00e7\u00e3o negativa da economia por parte da popula\u00e7\u00e3o. Pesquisas recentes indicam que mais da metade dos brasileiros avaliam a situa\u00e7\u00e3o econ\u00f4mica como ruim.<\/p>\n","protected":false},"excerpt":{"rendered":"<p>Em meio ao avan\u00e7o recorde da inadimpl\u00eancia no pa\u00eds, o governo do presidente Luiz In\u00e1cio Lula da Silva prepara o lan\u00e7amento de um novo programa de renegocia\u00e7\u00e3o de d\u00edvidas que pode reduzir em at\u00e9 90% os valores devidos por milh\u00f5es de brasileiros. A iniciativa, apelidada de Desenrola 2.0, deve ser anunciada ainda nesta semana. Atualmente, [&hellip;]<\/p>\n","protected":false},"author":9,"featured_media":31942,"comment_status":"closed","ping_status":"closed","sticky":false,"template":"","format":"standard","meta":{"jnews-multi-image_gallery":[],"jnews_single_post":{"format":"standard"},"jnews_primary_category":[],"jnews_social_meta":[],"jnews_override_counter":[],"jnews_post_split":[],"footnotes":""},"categories":[1],"tags":[],"class_list":["post-43398","post","type-post","status-publish","format-standard","has-post-thumbnail","hentry","category-geral"],"_referencia":"","_links":{"self":[{"href":"https:\/\/diariodocomercio.com.br\/mix\/wp-json\/wp\/v2\/posts\/43398","targetHints":{"allow":["GET"]}}],"collection":[{"href":"https:\/\/diariodocomercio.com.br\/mix\/wp-json\/wp\/v2\/posts"}],"about":[{"href":"https:\/\/diariodocomercio.com.br\/mix\/wp-json\/wp\/v2\/types\/post"}],"author":[{"embeddable":true,"href":"https:\/\/diariodocomercio.com.br\/mix\/wp-json\/wp\/v2\/users\/9"}],"replies":[{"embeddable":true,"href":"https:\/\/diariodocomercio.com.br\/mix\/wp-json\/wp\/v2\/comments?post=43398"}],"version-history":[{"count":1,"href":"https:\/\/diariodocomercio.com.br\/mix\/wp-json\/wp\/v2\/posts\/43398\/revisions"}],"predecessor-version":[{"id":43399,"href":"https:\/\/diariodocomercio.com.br\/mix\/wp-json\/wp\/v2\/posts\/43398\/revisions\/43399"}],"wp:featuredmedia":[{"embeddable":true,"href":"https:\/\/diariodocomercio.com.br\/mix\/wp-json\/wp\/v2\/media\/31942"}],"wp:attachment":[{"href":"https:\/\/diariodocomercio.com.br\/mix\/wp-json\/wp\/v2\/media?parent=43398"}],"wp:term":[{"taxonomy":"category","embeddable":true,"href":"https:\/\/diariodocomercio.com.br\/mix\/wp-json\/wp\/v2\/categories?post=43398"},{"taxonomy":"post_tag","embeddable":true,"href":"https:\/\/diariodocomercio.com.br\/mix\/wp-json\/wp\/v2\/tags?post=43398"}],"curies":[{"name":"wp","href":"https:\/\/api.w.org\/{rel}","templated":true}]}}