{"id":43404,"date":"2026-04-28T10:57:00","date_gmt":"2026-04-28T13:57:00","guid":{"rendered":"https:\/\/diariodocomercio.com.br\/mix\/?p=43404"},"modified":"2026-04-28T10:09:38","modified_gmt":"2026-04-28T13:09:38","slug":"alerta-do-governo-para-todos-os-brasileiros-com-dinheiro-no-fgts","status":"publish","type":"post","link":"https:\/\/diariodocomercio.com.br\/mix\/alerta-do-governo-para-todos-os-brasileiros-com-dinheiro-no-fgts\/","title":{"rendered":"Alerta do governo para todos os brasileiros com dinheiro no FGTS"},"content":{"rendered":"\n<p>O governo federal prepara o lan\u00e7amento de uma nova fase do programa de renegocia\u00e7\u00e3o de d\u00edvidas, conhecido como Desenrola 2.0, que deve trazer mudan\u00e7as diretas para trabalhadores com saldo no Fundo de Garantia do Tempo de Servi\u00e7o (FGTS). A principal novidade \u00e9 a possibilidade de usar parte do dinheiro do fundo para quitar ou reduzir d\u00e9bitos, dentro de regras espec\u00edficas.<\/p>\n\n\n\n<p>A medida foi confirmada pelo ministro da Fazenda, Dario Durigan, ap\u00f3s reuni\u00f5es com representantes dos principais bancos do pa\u00eds. Segundo ele, o an\u00fancio oficial deve ser feito ainda nesta semana pelo presidente Luiz In\u00e1cio Lula da Silva.<\/p>\n\n\n\n<p>De acordo com o Minist\u00e9rio da Fazenda, o uso do FGTS ser\u00e1 permitido, mas com restri\u00e7\u00f5es. O saque ser\u00e1 limitado a um percentual do saldo dispon\u00edvel e s\u00f3 poder\u00e1 ser utilizado dentro das condi\u00e7\u00f5es do programa, exclusivamente para pagamento de d\u00edvidas.<\/p>\n\n\n\n<p>A iniciativa tem como foco principal d\u00e9bitos considerados mais caros para o consumidor, como cart\u00e3o de cr\u00e9dito, cheque especial e cr\u00e9dito pessoal. Atualmente, essas modalidades podem ter juros que variam entre 6% e 10% ao m\u00eas, o que dificulta a quita\u00e7\u00e3o e amplia o endividamento das fam\u00edlias.<\/p>\n\n\n\n<p>A proposta do governo \u00e9 reduzir significativamente esse peso financeiro. Com a renegocia\u00e7\u00e3o, os juros devem cair e os descontos podem chegar a at\u00e9 90% do valor total da d\u00edvida, dependendo do caso. Em alguns cen\u00e1rios, d\u00e9bitos elevados podem ser reduzidos a uma fra\u00e7\u00e3o do valor original.<\/p>\n\n\n\n<h2 class=\"wp-block-heading\"><strong>Negocia\u00e7\u00e3o com bancos e crit\u00e9rios do programa<\/strong><\/h2>\n\n\n\n<p>O Desenrola 2.0 est\u00e1 sendo finalizado em conjunto com institui\u00e7\u00f5es financeiras, incluindo grandes bancos e fintechs. A expectativa \u00e9 que haja um teto de juros mais baixo nas renegocia\u00e7\u00f5es, em torno de 1,99% ao m\u00eas, abaixo das taxas inicialmente discutidas.<\/p>\n\n\n\n<p>Al\u00e9m disso, o governo deve atuar como garantidor das opera\u00e7\u00f5es por meio de fundos p\u00fablicos. Isso significa que, caso o devedor n\u00e3o consiga honrar o acordo, parte do risco ser\u00e1 coberta, incentivando os bancos a oferecer condi\u00e7\u00f5es mais vantajosas.<\/p>\n\n\n\n<p>O programa ser\u00e1 voltado principalmente para pessoas com renda de at\u00e9 cinco sal\u00e1rios m\u00ednimos, hoje equivalente a R$ 8.105. O objetivo \u00e9 atingir fam\u00edlias mais vulner\u00e1veis, que concentram a maior parte das d\u00edvidas em atraso.<\/p>\n\n\n\n<h2 class=\"wp-block-heading\"><strong>Cen\u00e1rio de endividamento e impacto esperado<\/strong><\/h2>\n\n\n\n<p>O lan\u00e7amento do novo programa ocorre em um momento de endividamento recorde no pa\u00eds. Dados recentes indicam que quase metade da renda das fam\u00edlias brasileiras est\u00e1 comprometida com d\u00edvidas, o maior n\u00edvel desde o in\u00edcio da s\u00e9rie hist\u00f3rica.<\/p>\n\n\n\n<p>Segundo o governo, a iniciativa busca aliviar a press\u00e3o financeira sobre os consumidores e estimular a recupera\u00e7\u00e3o econ\u00f4mica. No entanto, especialistas alertam para poss\u00edveis impactos no FGTS, tradicionalmente utilizado para habita\u00e7\u00e3o e como reserva de seguran\u00e7a do trabalhador.<\/p>\n","protected":false},"excerpt":{"rendered":"<p>O governo federal prepara o lan\u00e7amento de uma nova fase do programa de renegocia\u00e7\u00e3o de d\u00edvidas, conhecido como Desenrola 2.0, que deve trazer mudan\u00e7as diretas para trabalhadores com saldo no Fundo de Garantia do Tempo de Servi\u00e7o (FGTS). A principal novidade \u00e9 a possibilidade de usar parte do dinheiro do fundo para quitar ou reduzir [&hellip;]<\/p>\n","protected":false},"author":9,"featured_media":21471,"comment_status":"closed","ping_status":"closed","sticky":false,"template":"","format":"standard","meta":{"jnews-multi-image_gallery":[],"jnews_single_post":{"format":"standard"},"jnews_primary_category":[],"jnews_social_meta":[],"jnews_override_counter":[],"jnews_post_split":[],"footnotes":""},"categories":[1],"tags":[],"class_list":["post-43404","post","type-post","status-publish","format-standard","has-post-thumbnail","hentry","category-geral"],"_referencia":"","_links":{"self":[{"href":"https:\/\/diariodocomercio.com.br\/mix\/wp-json\/wp\/v2\/posts\/43404","targetHints":{"allow":["GET"]}}],"collection":[{"href":"https:\/\/diariodocomercio.com.br\/mix\/wp-json\/wp\/v2\/posts"}],"about":[{"href":"https:\/\/diariodocomercio.com.br\/mix\/wp-json\/wp\/v2\/types\/post"}],"author":[{"embeddable":true,"href":"https:\/\/diariodocomercio.com.br\/mix\/wp-json\/wp\/v2\/users\/9"}],"replies":[{"embeddable":true,"href":"https:\/\/diariodocomercio.com.br\/mix\/wp-json\/wp\/v2\/comments?post=43404"}],"version-history":[{"count":1,"href":"https:\/\/diariodocomercio.com.br\/mix\/wp-json\/wp\/v2\/posts\/43404\/revisions"}],"predecessor-version":[{"id":43405,"href":"https:\/\/diariodocomercio.com.br\/mix\/wp-json\/wp\/v2\/posts\/43404\/revisions\/43405"}],"wp:featuredmedia":[{"embeddable":true,"href":"https:\/\/diariodocomercio.com.br\/mix\/wp-json\/wp\/v2\/media\/21471"}],"wp:attachment":[{"href":"https:\/\/diariodocomercio.com.br\/mix\/wp-json\/wp\/v2\/media?parent=43404"}],"wp:term":[{"taxonomy":"category","embeddable":true,"href":"https:\/\/diariodocomercio.com.br\/mix\/wp-json\/wp\/v2\/categories?post=43404"},{"taxonomy":"post_tag","embeddable":true,"href":"https:\/\/diariodocomercio.com.br\/mix\/wp-json\/wp\/v2\/tags?post=43404"}],"curies":[{"name":"wp","href":"https:\/\/api.w.org\/{rel}","templated":true}]}}