{"id":43408,"date":"2026-04-28T12:46:28","date_gmt":"2026-04-28T15:46:28","guid":{"rendered":"https:\/\/diariodocomercio.com.br\/mix\/?p=43408"},"modified":"2026-04-28T12:46:30","modified_gmt":"2026-04-28T15:46:30","slug":"desconto-no-iptu-e-confirmado-no-brasil-e-prazo-se-encerra-nesta-quinta-feira-30","status":"publish","type":"post","link":"https:\/\/diariodocomercio.com.br\/mix\/desconto-no-iptu-e-confirmado-no-brasil-e-prazo-se-encerra-nesta-quinta-feira-30\/","title":{"rendered":"Desconto no IPTU \u00e9 confirmado no Brasil e prazo se encerra nesta quinta-feira (30)"},"content":{"rendered":"\n<p>O prazo para pagamento com desconto do IPTU termina nesta quinta-feira (30) para moradores de Guanambi, no interior da Bahia. A prefeitura prorrogou a data limite, permitindo que contribuintes quitem o imposto em cota \u00fanica com abatimento de 10% at\u00e9 o encerramento do per\u00edodo.<\/p>\n\n\n\n<p>Ap\u00f3s essa data, o tributo ainda poder\u00e1 ser pago, mas apenas de forma parcelada. Segundo a Secretaria Municipal da Fazenda, o contribuinte poder\u00e1 dividir o valor em at\u00e9 nove vezes, sem incid\u00eancia de juros.<\/p>\n\n\n\n<p>Quem n\u00e3o recebeu o carn\u00ea do imposto pode emitir a guia diretamente no site oficial da prefeitura. Para acessar o documento, \u00e9 necess\u00e1rio informar o n\u00famero de inscri\u00e7\u00e3o do im\u00f3vel, dispon\u00edvel em carn\u00eas de anos anteriores.<\/p>\n\n\n\n<p>Al\u00e9m do atendimento online, o contribuinte tamb\u00e9m pode buscar suporte presencial na sede da Secretaria da Fazenda, localizada na Pra\u00e7a do Feij\u00e3o. O atendimento \u00e9 voltado para d\u00favidas sobre emiss\u00e3o de boletos, regulariza\u00e7\u00e3o de d\u00e9bitos e op\u00e7\u00f5es de parcelamento.<\/p>\n\n\n\n<h2 class=\"wp-block-heading\"><strong>Consequ\u00eancias do n\u00e3o pagamento<\/strong><\/h2>\n\n\n\n<p>De acordo com a legisla\u00e7\u00e3o vigente, deixar de pagar o IPTU pode trazer uma s\u00e9rie de implica\u00e7\u00f5es legais e financeiras. Entre elas, est\u00e1 a possibilidade de negativa\u00e7\u00e3o do nome em \u00f3rg\u00e3os de prote\u00e7\u00e3o ao cr\u00e9dito, como SPC, Serasa e Cadin.<\/p>\n\n\n\n<p>Al\u00e9m disso, o contribuinte pode sofrer notifica\u00e7\u00f5es extrajudiciais e enfrentar restri\u00e7\u00f5es legais tanto como pessoa f\u00edsica quanto jur\u00eddica.<\/p>\n\n\n\n<h2 class=\"wp-block-heading\"><strong>Desconto varia pelo pa\u00eds<\/strong><\/h2>\n\n\n\n<p>Embora o desconto de 10% em Guanambi seja considerado relevante, outras cidades brasileiras oferecem abatimentos ainda maiores para pagamento \u00e0 vista, chegando a at\u00e9 20% em algumas capitais. Em geral, especialistas apontam que quitar o imposto em cota \u00fanica pode ser vantajoso, dependendo do percentual de desconto e do perfil financeiro do contribuinte.<\/p>\n\n\n\n<p>O IPTU \u00e9 um imposto anual cobrado sobre im\u00f3veis urbanos e calculado com base no valor venal da propriedade, considerando fatores como localiza\u00e7\u00e3o, tamanho e padr\u00e3o da constru\u00e7\u00e3o. Em alguns casos espec\u00edficos, como baixa renda ou im\u00f3veis de menor valor, a legisla\u00e7\u00e3o permite isen\u00e7\u00e3o total ou parcial do tributo.<\/p>\n","protected":false},"excerpt":{"rendered":"<p>O prazo para pagamento com desconto do IPTU termina nesta quinta-feira (30) para moradores de Guanambi, no interior da Bahia. A prefeitura prorrogou a data limite, permitindo que contribuintes quitem o imposto em cota \u00fanica com abatimento de 10% at\u00e9 o encerramento do per\u00edodo. Ap\u00f3s essa data, o tributo ainda poder\u00e1 ser pago, mas apenas [&hellip;]<\/p>\n","protected":false},"author":9,"featured_media":25619,"comment_status":"closed","ping_status":"closed","sticky":false,"template":"","format":"standard","meta":{"jnews-multi-image_gallery":[],"jnews_single_post":{"format":"standard"},"jnews_primary_category":[],"jnews_social_meta":[],"jnews_override_counter":[],"jnews_post_split":[],"footnotes":""},"categories":[1],"tags":[],"class_list":["post-43408","post","type-post","status-publish","format-standard","has-post-thumbnail","hentry","category-geral"],"_referencia":"","_links":{"self":[{"href":"https:\/\/diariodocomercio.com.br\/mix\/wp-json\/wp\/v2\/posts\/43408","targetHints":{"allow":["GET"]}}],"collection":[{"href":"https:\/\/diariodocomercio.com.br\/mix\/wp-json\/wp\/v2\/posts"}],"about":[{"href":"https:\/\/diariodocomercio.com.br\/mix\/wp-json\/wp\/v2\/types\/post"}],"author":[{"embeddable":true,"href":"https:\/\/diariodocomercio.com.br\/mix\/wp-json\/wp\/v2\/users\/9"}],"replies":[{"embeddable":true,"href":"https:\/\/diariodocomercio.com.br\/mix\/wp-json\/wp\/v2\/comments?post=43408"}],"version-history":[{"count":1,"href":"https:\/\/diariodocomercio.com.br\/mix\/wp-json\/wp\/v2\/posts\/43408\/revisions"}],"predecessor-version":[{"id":43417,"href":"https:\/\/diariodocomercio.com.br\/mix\/wp-json\/wp\/v2\/posts\/43408\/revisions\/43417"}],"wp:featuredmedia":[{"embeddable":true,"href":"https:\/\/diariodocomercio.com.br\/mix\/wp-json\/wp\/v2\/media\/25619"}],"wp:attachment":[{"href":"https:\/\/diariodocomercio.com.br\/mix\/wp-json\/wp\/v2\/media?parent=43408"}],"wp:term":[{"taxonomy":"category","embeddable":true,"href":"https:\/\/diariodocomercio.com.br\/mix\/wp-json\/wp\/v2\/categories?post=43408"},{"taxonomy":"post_tag","embeddable":true,"href":"https:\/\/diariodocomercio.com.br\/mix\/wp-json\/wp\/v2\/tags?post=43408"}],"curies":[{"name":"wp","href":"https:\/\/api.w.org\/{rel}","templated":true}]}}