{"id":43409,"date":"2026-04-28T12:53:00","date_gmt":"2026-04-28T15:53:00","guid":{"rendered":"https:\/\/diariodocomercio.com.br\/mix\/?p=43409"},"modified":"2026-04-28T12:49:21","modified_gmt":"2026-04-28T15:49:21","slug":"itau-confirma-fechamento-de-unidades-no-brasil","status":"publish","type":"post","link":"https:\/\/diariodocomercio.com.br\/mix\/itau-confirma-fechamento-de-unidades-no-brasil\/","title":{"rendered":"Ita\u00fa confirma fechamento de unidades no Brasil"},"content":{"rendered":"\n<p>A presta\u00e7\u00e3o de <strong>servi\u00e7os banc\u00e1rios presenciais<\/strong> no Brasil sofre descontinuidades programadas sempre que um feriado de car\u00e1ter nacional, regional ou local interrompe o expediente comercial. No dia 28 de abril de 2026, essa regra geral ter\u00e1 desdobramentos localizados, mas significativos, para usu\u00e1rios da rede f\u00edsica de ag\u00eancias.<\/p>\n\n\n\n<p>A data \u00e9 <strong>feriado estadual no Esp\u00edrito Santo<\/strong>, criado pela Lei Estadual 11.010\/2019 em refer\u00eancia a Nossa Senhora da Penha. Como consequ\u00eancia, nenhuma ag\u00eancia banc\u00e1ria funcionar\u00e1 em todo o territ\u00f3rio capixaba, inclusive o <strong>Ita\u00fa<\/strong>, que manter\u00e1 suas ag\u00eancias fechadas.<\/p>\n\n\n\n<h2 class=\"wp-block-heading\">Canais digitais<\/h2>\n\n\n\n<p>O fechamento das ag\u00eancias afeta diretamente as opera\u00e7\u00f5es que dependem de comparecimento f\u00edsico. Servi\u00e7os como pagamentos em esp\u00e9cie no caixa, dep\u00f3sitos com envelope, abertura de contas com assinatura presencial e atendimento de tesouraria ficam indispon\u00edveis nas regi\u00f5es com feriado.<\/p>\n\n\n\n<p><strong>Os canais digitais seguem em opera\u00e7\u00e3o.<\/strong> Aplicativos banc\u00e1rios, internet banking e caixas eletr\u00f4nicos localizados em \u00e1reas externas como cal\u00e7adas, shoppings e aeroportos permanecem funcionando. Esses meios permitem saques, transfer\u00eancias, pagamentos de contas via c\u00f3digo de barras e consultas de saldo.<\/p>\n\n\n\n<p>Os prazos de compensa\u00e7\u00e3o banc\u00e1ria s\u00e3o afetados. Cheques depositados ou boletos com vencimento em 28 de abril nas localidades com feriado t\u00eam sua liquida\u00e7\u00e3o postergada para o pr\u00f3ximo dia \u00fatil subsequente. Essa regra vale para o Esp\u00edrito Santo e para os munic\u00edpios que tamb\u00e9m adotaram o feriado.<\/p>\n\n\n\n<p>A orienta\u00e7\u00e3o para usu\u00e1rios \u00e9 verificar com anteced\u00eancia se a cidade onde pretendem realizar atendimento presencial considera 28 de abril de 2026 como feriado local. Em caso positivo, recomenda-se antecipar transa\u00e7\u00f5es ou utilizar canais remotos.<\/p>\n","protected":false},"excerpt":{"rendered":"<p>Outros estabelecimentos anunciaram fechamento. Confira detalhes.<\/p>\n","protected":false},"author":12,"featured_media":10900,"comment_status":"closed","ping_status":"closed","sticky":false,"template":"","format":"standard","meta":{"jnews-multi-image_gallery":[],"jnews_single_post":{"format":"standard"},"jnews_primary_category":[],"jnews_social_meta":[],"jnews_override_counter":[],"jnews_post_split":[],"footnotes":""},"categories":[1],"tags":[],"class_list":["post-43409","post","type-post","status-publish","format-standard","has-post-thumbnail","hentry","category-geral"],"_referencia":"","_links":{"self":[{"href":"https:\/\/diariodocomercio.com.br\/mix\/wp-json\/wp\/v2\/posts\/43409","targetHints":{"allow":["GET"]}}],"collection":[{"href":"https:\/\/diariodocomercio.com.br\/mix\/wp-json\/wp\/v2\/posts"}],"about":[{"href":"https:\/\/diariodocomercio.com.br\/mix\/wp-json\/wp\/v2\/types\/post"}],"author":[{"embeddable":true,"href":"https:\/\/diariodocomercio.com.br\/mix\/wp-json\/wp\/v2\/users\/12"}],"replies":[{"embeddable":true,"href":"https:\/\/diariodocomercio.com.br\/mix\/wp-json\/wp\/v2\/comments?post=43409"}],"version-history":[{"count":2,"href":"https:\/\/diariodocomercio.com.br\/mix\/wp-json\/wp\/v2\/posts\/43409\/revisions"}],"predecessor-version":[{"id":43419,"href":"https:\/\/diariodocomercio.com.br\/mix\/wp-json\/wp\/v2\/posts\/43409\/revisions\/43419"}],"wp:featuredmedia":[{"embeddable":true,"href":"https:\/\/diariodocomercio.com.br\/mix\/wp-json\/wp\/v2\/media\/10900"}],"wp:attachment":[{"href":"https:\/\/diariodocomercio.com.br\/mix\/wp-json\/wp\/v2\/media?parent=43409"}],"wp:term":[{"taxonomy":"category","embeddable":true,"href":"https:\/\/diariodocomercio.com.br\/mix\/wp-json\/wp\/v2\/categories?post=43409"},{"taxonomy":"post_tag","embeddable":true,"href":"https:\/\/diariodocomercio.com.br\/mix\/wp-json\/wp\/v2\/tags?post=43409"}],"curies":[{"name":"wp","href":"https:\/\/api.w.org\/{rel}","templated":true}]}}