{"id":43411,"date":"2026-04-28T12:31:39","date_gmt":"2026-04-28T15:31:39","guid":{"rendered":"https:\/\/diariodocomercio.com.br\/mix\/?p=43411"},"modified":"2026-04-28T12:31:42","modified_gmt":"2026-04-28T15:31:42","slug":"inss-passa-por-grande-mudanca-e-todos-no-brasil-sao-avisados","status":"publish","type":"post","link":"https:\/\/diariodocomercio.com.br\/mix\/inss-passa-por-grande-mudanca-e-todos-no-brasil-sao-avisados\/","title":{"rendered":"INSS passa por grande mudan\u00e7a e todos no Brasil s\u00e3o avisados"},"content":{"rendered":"\n<p>O Instituto Nacional do Seguro Social (INSS) anunciou, no Brasil, uma altera\u00e7\u00e3o em suas diretrizes de <strong>aposentadoria <\/strong>em 2026. A principal mudan\u00e7a consiste em <strong>restringir o n\u00famero de solicita\u00e7\u00f5es <\/strong>de aposentadoria, pens\u00e3o e o Benef\u00edcio por Incapacidade (BPC) para o mesmo tipo de benef\u00edcio.<\/p>\n\n\n\n<p>Publicada no Di\u00e1rio Oficial da Uni\u00e3o em 24 de abril, a instru\u00e7\u00e3o normativa determina que um novo pedido s\u00f3 pode ser efetuado um m\u00eas ap\u00f3s a \u00faltima resposta do INSS. Esta medida visa controlar e agilizar a alta demanda de an\u00e1lises pela institui\u00e7\u00e3o.<\/p>\n\n\n\n<h2 class=\"wp-block-heading\">Motiva\u00e7\u00f5es para a mudan\u00e7a nas regras<\/h2>\n\n\n\n<p>A decis\u00e3o do INSS de modificar suas regras ocorreu devido a um problema estrutural: muitos usu\u00e1rios reapresentam pedidos imediatamente ap\u00f3s uma decis\u00e3o negativa.<\/p>\n\n\n\n<p>Segundo o INSS, aproximadamente 41,41% das solicita\u00e7\u00f5es s\u00e3o reapresentadas em at\u00e9 30 dias ap\u00f3s a conclus\u00e3o inicial. Com esta nova diretriz, o \u00f3rg\u00e3o espera equilibrar a quantidade de entradas e melhorar a efici\u00eancia no atendimento.<\/p>\n\n\n\n<h2 class=\"wp-block-heading\">Consequ\u00eancias para as solicita\u00e7\u00f5es de benef\u00edcios<\/h2>\n\n\n\n<p>A nova norma limita reapresenta\u00e7\u00f5es, mas n\u00e3o afeta pedidos de revis\u00e3o ou benef\u00edcios por incapacidade. Os segurados podem recorrer em at\u00e9 30 dias ap\u00f3s receber uma decis\u00e3o negativa.<\/p>\n\n\n\n<p>A Data de Entrada do Requerimento (DER) continuar\u00e1 marcada pelo pedido original.&nbsp;<\/p>\n\n\n\n<p>Os segurados devem agora se preparar melhor ao planejar suas solicita\u00e7\u00f5es. A nova regra exige aten\u00e7\u00e3o ao planejamento e investiga\u00e7\u00e3o dos prazos fornecidos pelo INSS. Uma organiza\u00e7\u00e3o cuidadosa pode evitar atrasos nos processos de aposentadoria.<\/p>\n","protected":false},"excerpt":{"rendered":"<p>O Instituto Nacional do Seguro Social (INSS) anunciou uma altera\u00e7\u00e3o de regras.<\/p>\n","protected":false},"author":12,"featured_media":15469,"comment_status":"closed","ping_status":"closed","sticky":false,"template":"","format":"standard","meta":{"jnews-multi-image_gallery":[],"jnews_single_post":{"format":"standard"},"jnews_primary_category":[],"jnews_social_meta":[],"jnews_override_counter":[],"jnews_post_split":[],"footnotes":""},"categories":[1],"tags":[],"class_list":["post-43411","post","type-post","status-publish","format-standard","has-post-thumbnail","hentry","category-geral"],"_referencia":"","_links":{"self":[{"href":"https:\/\/diariodocomercio.com.br\/mix\/wp-json\/wp\/v2\/posts\/43411","targetHints":{"allow":["GET"]}}],"collection":[{"href":"https:\/\/diariodocomercio.com.br\/mix\/wp-json\/wp\/v2\/posts"}],"about":[{"href":"https:\/\/diariodocomercio.com.br\/mix\/wp-json\/wp\/v2\/types\/post"}],"author":[{"embeddable":true,"href":"https:\/\/diariodocomercio.com.br\/mix\/wp-json\/wp\/v2\/users\/12"}],"replies":[{"embeddable":true,"href":"https:\/\/diariodocomercio.com.br\/mix\/wp-json\/wp\/v2\/comments?post=43411"}],"version-history":[{"count":2,"href":"https:\/\/diariodocomercio.com.br\/mix\/wp-json\/wp\/v2\/posts\/43411\/revisions"}],"predecessor-version":[{"id":43416,"href":"https:\/\/diariodocomercio.com.br\/mix\/wp-json\/wp\/v2\/posts\/43411\/revisions\/43416"}],"wp:featuredmedia":[{"embeddable":true,"href":"https:\/\/diariodocomercio.com.br\/mix\/wp-json\/wp\/v2\/media\/15469"}],"wp:attachment":[{"href":"https:\/\/diariodocomercio.com.br\/mix\/wp-json\/wp\/v2\/media?parent=43411"}],"wp:term":[{"taxonomy":"category","embeddable":true,"href":"https:\/\/diariodocomercio.com.br\/mix\/wp-json\/wp\/v2\/categories?post=43411"},{"taxonomy":"post_tag","embeddable":true,"href":"https:\/\/diariodocomercio.com.br\/mix\/wp-json\/wp\/v2\/tags?post=43411"}],"curies":[{"name":"wp","href":"https:\/\/api.w.org\/{rel}","templated":true}]}}