{"id":43421,"date":"2026-04-28T13:00:00","date_gmt":"2026-04-28T16:00:00","guid":{"rendered":"https:\/\/diariodocomercio.com.br\/mix\/?p=43421"},"modified":"2026-04-28T13:00:03","modified_gmt":"2026-04-28T16:00:03","slug":"treinador-divulga-lista-decisiva-e-neymar-esta-confirmado-para-jogar-a-copa","status":"publish","type":"post","link":"https:\/\/diariodocomercio.com.br\/mix\/treinador-divulga-lista-decisiva-e-neymar-esta-confirmado-para-jogar-a-copa\/","title":{"rendered":"Treinador divulga lista decisiva e Neymar est\u00e1 confirmado para jogar a Copa"},"content":{"rendered":"\n<p>O Santos Futebol Clube divulgou nesta segunda-feira (27) a lista de jogadores relacionados para o confronto contra o San Lorenzo, v\u00e1lido pela fase de grupos da Copa Sul-Americana. A principal novidade \u00e9 a presen\u00e7a de Neymar, que est\u00e1 confirmado para a partida ap\u00f3s se recuperar de uma virose.<\/p>\n\n\n\n<p>O duelo acontece nesta ter\u00e7a-feira (28), \u00e0s 19h (hor\u00e1rio de Bras\u00edlia), no est\u00e1dio Nuevo Gas\u00f3metro, em Buenos Aires, pela terceira rodada do Grupo D.<\/p>\n\n\n\n<p>O camisa 10 havia desfalcado um treino recente por conta de problemas de sa\u00fade, mas voltou a ficar \u00e0 disposi\u00e7\u00e3o e viajou com a delega\u00e7\u00e3o. A presen\u00e7a do jogador \u00e9 vista como fundamental para um time que ainda busca a primeira vit\u00f3ria na competi\u00e7\u00e3o continental.<\/p>\n\n\n\n<p>Al\u00e9m de Neymar, o t\u00e9cnico Cuca tamb\u00e9m contar\u00e1 com refor\u00e7os importantes como Gabriel Braz\u00e3o, Igor Vin\u00edcius, Willian Ar\u00e3o e Gabigol, ampliando as op\u00e7\u00f5es para montar a equipe titular.<\/p>\n\n\n\n<p>Ao todo, 27 jogadores foram relacionados para a partida. No entanto, quatro atletas ainda precisar\u00e3o ser cortados, j\u00e1 que apenas 23 podem constar na lista final do jogo, com limite de 12 no banco de reservas.<\/p>\n\n\n\n<h2 class=\"wp-block-heading\"><strong>Cen\u00e1rios opostos aumentam press\u00e3o<\/strong><\/h2>\n\n\n\n<p>O confronto coloca frente a frente equipes em momentos distintos. O San Lorenzo chega invicto h\u00e1 oito partidas na temporada e lidera o grupo com quatro pontos. J\u00e1 o Santos vive situa\u00e7\u00e3o delicada, sem vit\u00f3rias na Sul-Americana e pressionado tamb\u00e9m no Campeonato Brasileiro.<\/p>\n\n\n\n<p>Na competi\u00e7\u00e3o continental, o time brasileiro soma uma derrota e um empate, o que torna o duelo desta ter\u00e7a-feira decisivo para manter vivas as chances de classifica\u00e7\u00e3o.<\/p>\n\n\n\n<p>Em declara\u00e7\u00e3o antes da partida, Neymar destacou a import\u00e2ncia do confronto para o futuro da equipe no torneio. Segundo o jogador, o elenco est\u00e1 preparado para buscar um resultado positivo fora de casa.<\/p>\n\n\n\n<p>\u201cTreinamos bem na \u00faltima semana e estamos prontos para fazer uma grande partida e, se Deus quiser, conseguir essa vit\u00f3ria, que ser\u00e1 muito importante para a sequ\u00eancia da Conmebol Sul-Americana\u201d, disse ao ve\u00edculo argentino, Di\u00e1rio Ol\u00e9.<\/p>\n\n\n\n<p>Com a presen\u00e7a confirmada do principal astro, o Santos aposta em uma rea\u00e7\u00e3o imediata para mudar o cen\u00e1rio na competi\u00e7\u00e3o e ganhar f\u00f4lego na temporada.<\/p>\n","protected":false},"excerpt":{"rendered":"<p>O Santos Futebol Clube divulgou nesta segunda-feira (27) a lista de jogadores relacionados para o confronto contra o San Lorenzo, v\u00e1lido pela fase de grupos da Copa Sul-Americana. A principal novidade \u00e9 a presen\u00e7a de Neymar, que est\u00e1 confirmado para a partida ap\u00f3s se recuperar de uma virose. O duelo acontece nesta ter\u00e7a-feira (28), \u00e0s [&hellip;]<\/p>\n","protected":false},"author":9,"featured_media":22175,"comment_status":"closed","ping_status":"closed","sticky":false,"template":"","format":"standard","meta":{"jnews-multi-image_gallery":[],"jnews_single_post":{"format":"standard"},"jnews_primary_category":[],"jnews_social_meta":[],"jnews_override_counter":[],"jnews_post_split":[],"footnotes":""},"categories":[1],"tags":[],"class_list":["post-43421","post","type-post","status-publish","format-standard","has-post-thumbnail","hentry","category-geral"],"_referencia":"","_links":{"self":[{"href":"https:\/\/diariodocomercio.com.br\/mix\/wp-json\/wp\/v2\/posts\/43421","targetHints":{"allow":["GET"]}}],"collection":[{"href":"https:\/\/diariodocomercio.com.br\/mix\/wp-json\/wp\/v2\/posts"}],"about":[{"href":"https:\/\/diariodocomercio.com.br\/mix\/wp-json\/wp\/v2\/types\/post"}],"author":[{"embeddable":true,"href":"https:\/\/diariodocomercio.com.br\/mix\/wp-json\/wp\/v2\/users\/9"}],"replies":[{"embeddable":true,"href":"https:\/\/diariodocomercio.com.br\/mix\/wp-json\/wp\/v2\/comments?post=43421"}],"version-history":[{"count":1,"href":"https:\/\/diariodocomercio.com.br\/mix\/wp-json\/wp\/v2\/posts\/43421\/revisions"}],"predecessor-version":[{"id":43422,"href":"https:\/\/diariodocomercio.com.br\/mix\/wp-json\/wp\/v2\/posts\/43421\/revisions\/43422"}],"wp:featuredmedia":[{"embeddable":true,"href":"https:\/\/diariodocomercio.com.br\/mix\/wp-json\/wp\/v2\/media\/22175"}],"wp:attachment":[{"href":"https:\/\/diariodocomercio.com.br\/mix\/wp-json\/wp\/v2\/media?parent=43421"}],"wp:term":[{"taxonomy":"category","embeddable":true,"href":"https:\/\/diariodocomercio.com.br\/mix\/wp-json\/wp\/v2\/categories?post=43421"},{"taxonomy":"post_tag","embeddable":true,"href":"https:\/\/diariodocomercio.com.br\/mix\/wp-json\/wp\/v2\/tags?post=43421"}],"curies":[{"name":"wp","href":"https:\/\/api.w.org\/{rel}","templated":true}]}}