{"id":43442,"date":"2026-04-28T16:04:34","date_gmt":"2026-04-28T19:04:34","guid":{"rendered":"https:\/\/diariodocomercio.com.br\/mix\/?p=43442"},"modified":"2026-04-28T16:04:36","modified_gmt":"2026-04-28T19:04:36","slug":"alerta-do-inss-para-todos-aposentados-no-brasil-pensao-pode-ser-cancelada-para-quem-nao-fizer-isso","status":"publish","type":"post","link":"https:\/\/diariodocomercio.com.br\/mix\/alerta-do-inss-para-todos-aposentados-no-brasil-pensao-pode-ser-cancelada-para-quem-nao-fizer-isso\/","title":{"rendered":"Alerta do INSS para todos aposentados no Brasil: pens\u00e3o pode ser cancelada para quem n\u00e3o fizer isso"},"content":{"rendered":"\n<p>O INSS emitiu um alerta importante para aposentados e pensionistas em 2026: falhas no cadastro ou aus\u00eancia de comprova\u00e7\u00e3o de vida podem levar \u00e0 suspens\u00e3o ou at\u00e9 cancelamento de benef\u00edcios.<\/p>\n\n\n\n<p>Embora o bloqueio autom\u00e1tico por falta de prova de vida esteja temporariamente suspenso at\u00e9 julho, segundo normas do Minist\u00e9rio da Previd\u00eancia Social, outras irregularidades seguem sendo monitoradas e podem interromper os pagamentos.<\/p>\n\n\n\n<p>Desde 2022, o INSS adotou um sistema de verifica\u00e7\u00e3o autom\u00e1tica da prova de vida, utilizando cruzamento de dados em bases p\u00fablicas. Informa\u00e7\u00f5es como vacina\u00e7\u00e3o, participa\u00e7\u00e3o em elei\u00e7\u00f5es, emiss\u00e3o de documentos e uso de servi\u00e7os digitais s\u00e3o utilizadas para confirmar que o benefici\u00e1rio est\u00e1 ativo.<\/p>\n\n\n\n<p>Caso o sistema n\u00e3o identifique movimenta\u00e7\u00f5es recentes, o segurado \u00e9 notificado e tem at\u00e9 60 dias para regularizar a situa\u00e7\u00e3o. A comprova\u00e7\u00e3o pode ser feita por biometria facial no aplicativo Meu INSS ou presencialmente em bancos autorizados.<\/p>\n\n\n\n<h2 class=\"wp-block-heading\"><strong>Situa\u00e7\u00f5es que podem levar \u00e0 suspens\u00e3o do benef\u00edcio<\/strong><\/h2>\n\n\n\n<p>Al\u00e9m da prova de vida, o INSS intensificou a fiscaliza\u00e7\u00e3o sobre outras inconsist\u00eancias. Entre os principais motivos que colocam aposentadorias e pens\u00f5es em risco est\u00e3o:<\/p>\n\n\n\n<ul class=\"wp-block-list\">\n<li>Falta em per\u00edcias m\u00e9dicas obrigat\u00f3rias<\/li>\n\n\n\n<li>Dados irregulares no CPF<\/li>\n\n\n\n<li>Aus\u00eancia de movimenta\u00e7\u00e3o nos sistemas p\u00fablicos<\/li>\n\n\n\n<li>Ac\u00famulo indevido de benef\u00edcios<\/li>\n\n\n\n<li>Renda acima do permitido, no caso do BPC<\/li>\n<\/ul>\n\n\n\n<p>Mesmo com a suspens\u00e3o tempor\u00e1ria dos bloqueios por prova de vida, esses fatores continuam sendo analisados normalmente.<\/p>\n\n\n\n<h2 class=\"wp-block-heading\"><strong>Nova l\u00f3gica reduz burocracia, mas amplia controle<\/strong><\/h2>\n\n\n\n<p>O novo modelo inverte a l\u00f3gica tradicional: agora \u00e9 o pr\u00f3prio governo que busca evid\u00eancias de vida do segurado, sem exigir deslocamentos frequentes. A proposta \u00e9 reduzir filas e simplificar o processo para milh\u00f5es de brasileiros.<\/p>\n\n\n\n<p>Na pr\u00e1tica, cada intera\u00e7\u00e3o do cidad\u00e3o com servi\u00e7os p\u00fablicos pode funcionar como um \u201cregistro de atividade\u201d. Entre os exemplos considerados est\u00e3o:<\/p>\n\n\n\n<ul class=\"wp-block-list\">\n<li>Atualiza\u00e7\u00e3o de documentos<\/li>\n\n\n\n<li>Registros no sistema de sa\u00fade<\/li>\n\n\n\n<li>Uso do Gov.br<\/li>\n\n\n\n<li>Transa\u00e7\u00f5es com biometria<\/li>\n\n\n\n<li>Participa\u00e7\u00e3o em elei\u00e7\u00f5es<\/li>\n<\/ul>\n\n\n\n<p>Esses dados s\u00e3o analisados em conjunto para formar um hist\u00f3rico de atividade recente.<\/p>\n\n\n\n<p>Mesmo com a moderniza\u00e7\u00e3o do sistema, o INSS orienta que benefici\u00e1rios mantenham seus dados sempre atualizados e acompanhem notifica\u00e7\u00f5es pelos canais oficiais.<\/p>\n","protected":false},"excerpt":{"rendered":"<p>O INSS emitiu um alerta importante para aposentados e pensionistas em 2026: falhas no cadastro ou aus\u00eancia de comprova\u00e7\u00e3o de vida podem levar \u00e0 suspens\u00e3o ou at\u00e9 cancelamento de benef\u00edcios. Embora o bloqueio autom\u00e1tico por falta de prova de vida esteja temporariamente suspenso at\u00e9 julho, segundo normas do Minist\u00e9rio da Previd\u00eancia Social, outras irregularidades seguem [&hellip;]<\/p>\n","protected":false},"author":9,"featured_media":5240,"comment_status":"closed","ping_status":"closed","sticky":false,"template":"","format":"standard","meta":{"jnews-multi-image_gallery":[],"jnews_single_post":{"format":"standard"},"jnews_primary_category":[],"jnews_social_meta":[],"jnews_override_counter":[],"jnews_post_split":[],"footnotes":""},"categories":[1],"tags":[],"class_list":["post-43442","post","type-post","status-publish","format-standard","has-post-thumbnail","hentry","category-geral"],"_referencia":"","_links":{"self":[{"href":"https:\/\/diariodocomercio.com.br\/mix\/wp-json\/wp\/v2\/posts\/43442","targetHints":{"allow":["GET"]}}],"collection":[{"href":"https:\/\/diariodocomercio.com.br\/mix\/wp-json\/wp\/v2\/posts"}],"about":[{"href":"https:\/\/diariodocomercio.com.br\/mix\/wp-json\/wp\/v2\/types\/post"}],"author":[{"embeddable":true,"href":"https:\/\/diariodocomercio.com.br\/mix\/wp-json\/wp\/v2\/users\/9"}],"replies":[{"embeddable":true,"href":"https:\/\/diariodocomercio.com.br\/mix\/wp-json\/wp\/v2\/comments?post=43442"}],"version-history":[{"count":1,"href":"https:\/\/diariodocomercio.com.br\/mix\/wp-json\/wp\/v2\/posts\/43442\/revisions"}],"predecessor-version":[{"id":43443,"href":"https:\/\/diariodocomercio.com.br\/mix\/wp-json\/wp\/v2\/posts\/43442\/revisions\/43443"}],"wp:featuredmedia":[{"embeddable":true,"href":"https:\/\/diariodocomercio.com.br\/mix\/wp-json\/wp\/v2\/media\/5240"}],"wp:attachment":[{"href":"https:\/\/diariodocomercio.com.br\/mix\/wp-json\/wp\/v2\/media?parent=43442"}],"wp:term":[{"taxonomy":"category","embeddable":true,"href":"https:\/\/diariodocomercio.com.br\/mix\/wp-json\/wp\/v2\/categories?post=43442"},{"taxonomy":"post_tag","embeddable":true,"href":"https:\/\/diariodocomercio.com.br\/mix\/wp-json\/wp\/v2\/tags?post=43442"}],"curies":[{"name":"wp","href":"https:\/\/api.w.org\/{rel}","templated":true}]}}