{"id":43444,"date":"2026-04-28T16:24:00","date_gmt":"2026-04-28T19:24:00","guid":{"rendered":"https:\/\/diariodocomercio.com.br\/mix\/?p=43444"},"modified":"2026-04-28T16:14:49","modified_gmt":"2026-04-28T19:14:49","slug":"governo-suspende-multas-em-pedagio-no-brasil-e-motoristas-sao-avisados-de-decisao","status":"publish","type":"post","link":"https:\/\/diariodocomercio.com.br\/mix\/governo-suspende-multas-em-pedagio-no-brasil-e-motoristas-sao-avisados-de-decisao\/","title":{"rendered":"Governo suspende multas em ped\u00e1gio no Brasil e motoristas s\u00e3o avisados de decis\u00e3o"},"content":{"rendered":"\n<p>O Minist\u00e9rio dos Transportes anunciou nesta ter\u00e7a-feira (28) a suspens\u00e3o de cerca de 3,4 milh\u00f5es de multas aplicadas em rodovias com ped\u00e1gio eletr\u00f4nico no modelo conhecido como free flow. A decis\u00e3o vale para infra\u00e7\u00f5es j\u00e1 registradas e tamb\u00e9m para novas autua\u00e7\u00f5es durante o per\u00edodo de adapta\u00e7\u00e3o do sistema.<\/p>\n\n\n\n<p>Com a medida, os motoristas ter\u00e3o at\u00e9 200 dias, prazo que se estende at\u00e9 16 de novembro, para quitar d\u00e9bitos pendentes sem a aplica\u00e7\u00e3o de penalidades. Caso o pagamento seja feito dentro desse per\u00edodo, n\u00e3o haver\u00e1 cobran\u00e7a de multa nem registro de pontos na carteira de habilita\u00e7\u00e3o.<\/p>\n\n\n\n<p>A suspens\u00e3o atinge infra\u00e7\u00f5es relacionadas \u00e0 evas\u00e3o de ped\u00e1gio, considerada grave pelo C\u00f3digo de Tr\u00e2nsito Brasileiro. Antes da mudan\u00e7a, motoristas que n\u00e3o pagavam o valor no prazo estavam sujeitos a multa de R$ 195,23 e cinco pontos na CNH.<\/p>\n\n\n\n<p>Agora, al\u00e9m da suspens\u00e3o das penalidades, o governo estabeleceu um novo prazo ampliado para regulariza\u00e7\u00e3o das d\u00edvidas. A medida tamb\u00e9m contempla motoristas que j\u00e1 haviam sido multados antes do an\u00fancio.<\/p>\n\n\n\n<h2 class=\"wp-block-heading\"><strong>Falhas no sistema motivaram decis\u00e3o<\/strong><\/h2>\n\n\n\n<p>De acordo com o governo, a decis\u00e3o foi tomada ap\u00f3s a identifica\u00e7\u00e3o de problemas na comunica\u00e7\u00e3o com os usu\u00e1rios. Entre os pontos levantados est\u00e3o a falta de clareza na sinaliza\u00e7\u00e3o dos p\u00f3rticos e dificuldades de compreens\u00e3o do funcionamento do sistema.<\/p>\n\n\n\n<p>A nomenclatura estrangeira \u201cfree flow\u201d, por exemplo, foi apontada como um dos fatores que dificultaram o entendimento dos motoristas. A expectativa \u00e9 que os equipamentos passem a adotar termos em portugu\u00eas, como \u201cped\u00e1gio eletr\u00f4nico\u201d, para tornar o processo mais acess\u00edvel.<\/p>\n\n\n\n<h2 class=\"wp-block-heading\"><strong>Concession\u00e1rias ter\u00e3o prazo para adapta\u00e7\u00e3o<\/strong><\/h2>\n\n\n\n<p>As empresas respons\u00e1veis pelas rodovias ter\u00e3o at\u00e9 100 dias para se adequar \u00e0s novas regras e aprimorar a comunica\u00e7\u00e3o com os usu\u00e1rios. Durante esse per\u00edodo, a cobran\u00e7a continua v\u00e1lida, mas sem aplica\u00e7\u00e3o de multas.<\/p>\n\n\n\n<p>O sistema de ped\u00e1gio eletr\u00f4nico elimina as tradicionais pra\u00e7as f\u00edsicas. Nesse modelo, sensores e c\u00e2meras identificam o ve\u00edculo em movimento, e o valor \u00e9 cobrado posteriormente, por meio de fatura ou dispositivos autom\u00e1ticos.<\/p>\n\n\n\n<p>A orienta\u00e7\u00e3o do governo \u00e9 que os motoristas verifiquem poss\u00edveis d\u00e9bitos e realizem o pagamento dentro do prazo estabelecido. Ap\u00f3s os 200 dias, as penalidades voltar\u00e3o a ser aplicadas normalmente para quem permanecer inadimplente.<\/p>\n","protected":false},"excerpt":{"rendered":"<p>O Minist\u00e9rio dos Transportes anunciou nesta ter\u00e7a-feira (28) a suspens\u00e3o de cerca de 3,4 milh\u00f5es de multas aplicadas em rodovias com ped\u00e1gio eletr\u00f4nico no modelo conhecido como free flow. A decis\u00e3o vale para infra\u00e7\u00f5es j\u00e1 registradas e tamb\u00e9m para novas autua\u00e7\u00f5es durante o per\u00edodo de adapta\u00e7\u00e3o do sistema. Com a medida, os motoristas ter\u00e3o at\u00e9 [&hellip;]<\/p>\n","protected":false},"author":9,"featured_media":25768,"comment_status":"closed","ping_status":"closed","sticky":false,"template":"","format":"standard","meta":{"jnews-multi-image_gallery":[],"jnews_single_post":{"format":"standard"},"jnews_primary_category":[],"jnews_social_meta":[],"jnews_override_counter":[],"jnews_post_split":[],"footnotes":""},"categories":[1],"tags":[],"class_list":["post-43444","post","type-post","status-publish","format-standard","has-post-thumbnail","hentry","category-geral"],"_referencia":"","_links":{"self":[{"href":"https:\/\/diariodocomercio.com.br\/mix\/wp-json\/wp\/v2\/posts\/43444","targetHints":{"allow":["GET"]}}],"collection":[{"href":"https:\/\/diariodocomercio.com.br\/mix\/wp-json\/wp\/v2\/posts"}],"about":[{"href":"https:\/\/diariodocomercio.com.br\/mix\/wp-json\/wp\/v2\/types\/post"}],"author":[{"embeddable":true,"href":"https:\/\/diariodocomercio.com.br\/mix\/wp-json\/wp\/v2\/users\/9"}],"replies":[{"embeddable":true,"href":"https:\/\/diariodocomercio.com.br\/mix\/wp-json\/wp\/v2\/comments?post=43444"}],"version-history":[{"count":1,"href":"https:\/\/diariodocomercio.com.br\/mix\/wp-json\/wp\/v2\/posts\/43444\/revisions"}],"predecessor-version":[{"id":43445,"href":"https:\/\/diariodocomercio.com.br\/mix\/wp-json\/wp\/v2\/posts\/43444\/revisions\/43445"}],"wp:featuredmedia":[{"embeddable":true,"href":"https:\/\/diariodocomercio.com.br\/mix\/wp-json\/wp\/v2\/media\/25768"}],"wp:attachment":[{"href":"https:\/\/diariodocomercio.com.br\/mix\/wp-json\/wp\/v2\/media?parent=43444"}],"wp:term":[{"taxonomy":"category","embeddable":true,"href":"https:\/\/diariodocomercio.com.br\/mix\/wp-json\/wp\/v2\/categories?post=43444"},{"taxonomy":"post_tag","embeddable":true,"href":"https:\/\/diariodocomercio.com.br\/mix\/wp-json\/wp\/v2\/tags?post=43444"}],"curies":[{"name":"wp","href":"https:\/\/api.w.org\/{rel}","templated":true}]}}