{"id":43446,"date":"2026-04-28T17:04:00","date_gmt":"2026-04-28T20:04:00","guid":{"rendered":"https:\/\/diariodocomercio.com.br\/mix\/?p=43446"},"modified":"2026-04-28T16:25:53","modified_gmt":"2026-04-28T19:25:53","slug":"r-330-milhoes-depositados-e-cozinhar-no-brasil-pode-ficar-mais-barato-com-este-auxilio","status":"publish","type":"post","link":"https:\/\/diariodocomercio.com.br\/mix\/r-330-milhoes-depositados-e-cozinhar-no-brasil-pode-ficar-mais-barato-com-este-auxilio\/","title":{"rendered":"R$ 330 milh\u00f5es depositados e cozinhar no Brasil pode ficar mais barato com este aux\u00edlio"},"content":{"rendered":"\n<p>O governo federal oficializou nesta ter\u00e7a-feira (28) a libera\u00e7\u00e3o de um cr\u00e9dito extraordin\u00e1rio de R$ 330 milh\u00f5es para reduzir o impacto do aumento no pre\u00e7o do g\u00e1s de cozinha no Brasil. A medida foi publicada no Di\u00e1rio Oficial da Uni\u00e3o por meio da Medida Provis\u00f3ria n\u00ba 1.351\/2026 e integra um pacote emergencial diante da alta global dos combust\u00edveis.<\/p>\n\n\n\n<p>O recurso foi destinado ao Minist\u00e9rio de Minas e Energia e ser\u00e1 utilizado para subsidiar empresas importadoras de g\u00e1s liquefeito de petr\u00f3leo (GLP), com o objetivo de equilibrar os pre\u00e7os entre o produto importado e o produzido no pa\u00eds.<\/p>\n\n\n\n<p>O cr\u00e9dito aberto nesta ter\u00e7a-feira faz parte da estrat\u00e9gia do governo para conter os efeitos da escalada do petr\u00f3leo no mercado internacional, agravada por tens\u00f5es geopol\u00edticas no Oriente M\u00e9dio.<\/p>\n\n\n\n<p>A subven\u00e7\u00e3o ser\u00e1 aplicada sobre o g\u00e1s entregue entre 1\u00ba de abril e 31 de maio, com possibilidade de prorroga\u00e7\u00e3o por mais dois meses. A proposta \u00e9 evitar que o custo mais alto da importa\u00e7\u00e3o seja repassado integralmente ao consumidor final.<\/p>\n\n\n\n<p>Atualmente, o Brasil depende de cerca de 20% de importa\u00e7\u00e3o para atender a demanda interna de GLP, o que torna o pre\u00e7o do produto sens\u00edvel \u00e0s varia\u00e7\u00f5es externas.<\/p>\n\n\n\n<h2 class=\"wp-block-heading\"><strong>Aux\u00edlio ao g\u00e1s j\u00e1 foi ampliado para milh\u00f5es de fam\u00edlias<\/strong><\/h2>\n\n\n\n<p>Antes da nova libera\u00e7\u00e3o, o governo j\u00e1 havia anunciado um pacote mais amplo de subs\u00eddios para combust\u00edveis, incluindo o g\u00e1s de cozinha e o diesel. A iniciativa prev\u00ea a amplia\u00e7\u00e3o do alcance do aux\u00edlio-g\u00e1s para cerca de 15,5 milh\u00f5es de fam\u00edlias inscritas no Cad\u00danico.<\/p>\n\n\n\n<p>A prioridade \u00e9 atender popula\u00e7\u00f5es de baixa renda, especialmente mulheres em situa\u00e7\u00e3o de vulnerabilidade, com o objetivo de reduzir o impacto do pre\u00e7o do botij\u00e3o no or\u00e7amento dom\u00e9stico.<\/p>\n\n\n\n<p>Em algumas regi\u00f5es do pa\u00eds, o valor do botij\u00e3o de 13 kg j\u00e1 ultrapassa R$ 130, pressionando ainda mais os custos b\u00e1sicos das fam\u00edlias e levando parte da popula\u00e7\u00e3o a recorrer a alternativas como o uso de lenha.<\/p>\n\n\n\n<h2 class=\"wp-block-heading\"><strong>Medida tenta conter efeitos da crise internacional<\/strong><\/h2>\n\n\n\n<p>O pacote de subs\u00eddios surge em meio \u00e0 alta dos pre\u00e7os do petr\u00f3leo, influenciada por conflitos internacionais e pelo encarecimento do transporte de cargas. Al\u00e9m do GLP, o governo tamb\u00e9m adotou medidas para o diesel e incentivos \u00e0 produ\u00e7\u00e3o nacional de combust\u00edveis.<\/p>\n\n\n\n<p>A pol\u00edtica de equaliza\u00e7\u00e3o de pre\u00e7os busca garantir que o g\u00e1s importado seja vendido no mercado interno em condi\u00e7\u00f5es semelhantes \u00e0s do produto nacional, reduzindo oscila\u00e7\u00f5es bruscas.<\/p>\n\n\n\n<p>Com o refor\u00e7o no subs\u00eddio, o governo pretende evitar um impacto mais amplo na infla\u00e7\u00e3o e assegurar o acesso ao g\u00e1s de cozinha, considerado item essencial.<\/p>\n","protected":false},"excerpt":{"rendered":"<p>O governo federal oficializou nesta ter\u00e7a-feira (28) a libera\u00e7\u00e3o de um cr\u00e9dito extraordin\u00e1rio de R$ 330 milh\u00f5es para reduzir o impacto do aumento no pre\u00e7o do g\u00e1s de cozinha no Brasil. A medida foi publicada no Di\u00e1rio Oficial da Uni\u00e3o por meio da Medida Provis\u00f3ria n\u00ba 1.351\/2026 e integra um pacote emergencial diante da alta [&hellip;]<\/p>\n","protected":false},"author":9,"featured_media":43086,"comment_status":"closed","ping_status":"closed","sticky":false,"template":"","format":"standard","meta":{"jnews-multi-image_gallery":[],"jnews_single_post":{"format":"standard"},"jnews_primary_category":[],"jnews_social_meta":[],"jnews_override_counter":[],"jnews_post_split":[],"footnotes":""},"categories":[1],"tags":[],"class_list":["post-43446","post","type-post","status-publish","format-standard","has-post-thumbnail","hentry","category-geral"],"_referencia":"","_links":{"self":[{"href":"https:\/\/diariodocomercio.com.br\/mix\/wp-json\/wp\/v2\/posts\/43446","targetHints":{"allow":["GET"]}}],"collection":[{"href":"https:\/\/diariodocomercio.com.br\/mix\/wp-json\/wp\/v2\/posts"}],"about":[{"href":"https:\/\/diariodocomercio.com.br\/mix\/wp-json\/wp\/v2\/types\/post"}],"author":[{"embeddable":true,"href":"https:\/\/diariodocomercio.com.br\/mix\/wp-json\/wp\/v2\/users\/9"}],"replies":[{"embeddable":true,"href":"https:\/\/diariodocomercio.com.br\/mix\/wp-json\/wp\/v2\/comments?post=43446"}],"version-history":[{"count":1,"href":"https:\/\/diariodocomercio.com.br\/mix\/wp-json\/wp\/v2\/posts\/43446\/revisions"}],"predecessor-version":[{"id":43447,"href":"https:\/\/diariodocomercio.com.br\/mix\/wp-json\/wp\/v2\/posts\/43446\/revisions\/43447"}],"wp:featuredmedia":[{"embeddable":true,"href":"https:\/\/diariodocomercio.com.br\/mix\/wp-json\/wp\/v2\/media\/43086"}],"wp:attachment":[{"href":"https:\/\/diariodocomercio.com.br\/mix\/wp-json\/wp\/v2\/media?parent=43446"}],"wp:term":[{"taxonomy":"category","embeddable":true,"href":"https:\/\/diariodocomercio.com.br\/mix\/wp-json\/wp\/v2\/categories?post=43446"},{"taxonomy":"post_tag","embeddable":true,"href":"https:\/\/diariodocomercio.com.br\/mix\/wp-json\/wp\/v2\/tags?post=43446"}],"curies":[{"name":"wp","href":"https:\/\/api.w.org\/{rel}","templated":true}]}}