{"id":43448,"date":"2026-05-03T08:05:00","date_gmt":"2026-05-03T11:05:00","guid":{"rendered":"https:\/\/diariodocomercio.com.br\/mix\/?p=43448"},"modified":"2026-04-28T16:33:48","modified_gmt":"2026-04-28T19:33:48","slug":"lula-assina-decreto-para-novo-salario-no-brasil","status":"publish","type":"post","link":"https:\/\/diariodocomercio.com.br\/mix\/lula-assina-decreto-para-novo-salario-no-brasil\/","title":{"rendered":"Lula assina decreto para novo sal\u00e1rio no Brasil"},"content":{"rendered":"\n<p>O presidente Luiz In\u00e1cio Lula da Silva sancionou a Lei 15.395\/2026, que estabelece reajustes salariais e mudan\u00e7as estruturais para integrantes das for\u00e7as de seguran\u00e7a p\u00fablica do Distrito Federal e militares de antigos territ\u00f3rios federais. A norma foi publicada nesta ter\u00e7a-feira (28) no Di\u00e1rio Oficial da Uni\u00e3o e j\u00e1 produz efeitos financeiros desde o fim de 2025.<\/p>\n\n\n\n<p>A legisla\u00e7\u00e3o tem origem na Medida Provis\u00f3ria 1.326\/2025, que j\u00e1 previa a implementa\u00e7\u00e3o escalonada dos reajustes. Apesar da san\u00e7\u00e3o, o presidente vetou trechos relacionados \u00e0 organiza\u00e7\u00e3o de carreiras, cria\u00e7\u00e3o de cargos e concess\u00e3o de benef\u00edcios adicionais.<\/p>\n\n\n\n<p>A nova lei atualiza as tabelas salariais de policiais militares, bombeiros e policiais civis do Distrito Federal. Entre os principais pontos, est\u00e1 o aumento de cerca de 50% nos soldos das carreiras militares, aplicado de forma uniforme entre os cargos.<\/p>\n\n\n\n<p>Al\u00e9m disso, a chamada Vantagem Pecuni\u00e1ria Especial (VPE) foi reajustada com percentuais variados, que v\u00e3o de 1,8% a 31,5%, dependendo da patente ou fun\u00e7\u00e3o exercida.<\/p>\n\n\n\n<p>No caso da Pol\u00edcia Civil, os aumentos tamb\u00e9m variam por categoria, com reajustes entre 24,4% e 27,3%, sendo os maiores destinados aos cargos de n\u00edvel mais elevado.<\/p>\n\n\n\n<p>Para militares dos antigos territ\u00f3rios federais, como Amap\u00e1, Rond\u00f4nia e Roraima, o reajuste foi fixado em 24,32%, dividido em duas etapas: dezembro de 2025 e janeiro de 2026.<\/p>\n\n\n\n<h2 class=\"wp-block-heading\"><strong>Mudan\u00e7as tamb\u00e9m atingem carreira e benef\u00edcios<\/strong><\/h2>\n\n\n\n<p>Al\u00e9m da recomposi\u00e7\u00e3o salarial, a lei traz altera\u00e7\u00f5es estruturais nas corpora\u00e7\u00f5es. Entre elas, a cria\u00e7\u00e3o de um sistema de prote\u00e7\u00e3o social para militares do Distrito Federal, que abrange remunera\u00e7\u00e3o, pens\u00e3o, sa\u00fade e assist\u00eancia.<\/p>\n\n\n\n<p>Tamb\u00e9m foram definidas novas regras para ingresso e progress\u00e3o na carreira, incluindo a exig\u00eancia de forma\u00e7\u00e3o em Direito para oficiais da Pol\u00edcia Militar, al\u00e9m de ajustes em crit\u00e9rios de idade e tempo de servi\u00e7o.<\/p>\n\n\n\n<p>O texto ainda amplia as atribui\u00e7\u00f5es do Corpo de Bombeiros, que passa a atuar de forma mais abrangente em a\u00e7\u00f5es de defesa civil, fiscaliza\u00e7\u00e3o e opera\u00e7\u00f5es de emerg\u00eancia.<\/p>\n\n\n\n<h2 class=\"wp-block-heading\"><strong>Vetos atingem pontos sobre carreira e benef\u00edcios<\/strong><\/h2>\n\n\n\n<p>Ao sancionar a lei, o presidente vetou 11 dispositivos. Entre eles, propostas que alteravam a estrutura da Pol\u00edcia Civil, criavam novos cargos, autorizavam concursos autom\u00e1ticos e ampliavam benef\u00edcios permanentes.<\/p>\n\n\n\n<p>Tamb\u00e9m foram barradas medidas que permitiriam revis\u00f5es administrativas amplas e a reintegra\u00e7\u00e3o de servidores aos quadros da Uni\u00e3o.<\/p>\n\n\n\n<p>Os vetos ainda ser\u00e3o analisados pelo Congresso Nacional, que poder\u00e1 mant\u00ea-los ou derrub\u00e1-los.<\/p>\n\n\n\n<p>O impacto or\u00e7ament\u00e1rio da medida \u00e9 estimado em cerca de R$ 3 bilh\u00f5es por ano, considerando os efeitos j\u00e1 aplicados e a continuidade dos reajustes at\u00e9 2026.<\/p>\n","protected":false},"excerpt":{"rendered":"<p>O presidente Luiz In\u00e1cio Lula da Silva sancionou a Lei 15.395\/2026, que estabelece reajustes salariais e mudan\u00e7as estruturais para integrantes das for\u00e7as de seguran\u00e7a p\u00fablica do Distrito Federal e militares de antigos territ\u00f3rios federais. A norma foi publicada nesta ter\u00e7a-feira (28) no Di\u00e1rio Oficial da Uni\u00e3o e j\u00e1 produz efeitos financeiros desde o fim de [&hellip;]<\/p>\n","protected":false},"author":9,"featured_media":41880,"comment_status":"closed","ping_status":"closed","sticky":false,"template":"","format":"standard","meta":{"jnews-multi-image_gallery":[],"jnews_single_post":{"format":"standard"},"jnews_primary_category":[],"jnews_social_meta":[],"jnews_override_counter":[],"jnews_post_split":[],"footnotes":""},"categories":[1],"tags":[],"class_list":["post-43448","post","type-post","status-publish","format-standard","has-post-thumbnail","hentry","category-geral"],"_referencia":"","_links":{"self":[{"href":"https:\/\/diariodocomercio.com.br\/mix\/wp-json\/wp\/v2\/posts\/43448","targetHints":{"allow":["GET"]}}],"collection":[{"href":"https:\/\/diariodocomercio.com.br\/mix\/wp-json\/wp\/v2\/posts"}],"about":[{"href":"https:\/\/diariodocomercio.com.br\/mix\/wp-json\/wp\/v2\/types\/post"}],"author":[{"embeddable":true,"href":"https:\/\/diariodocomercio.com.br\/mix\/wp-json\/wp\/v2\/users\/9"}],"replies":[{"embeddable":true,"href":"https:\/\/diariodocomercio.com.br\/mix\/wp-json\/wp\/v2\/comments?post=43448"}],"version-history":[{"count":1,"href":"https:\/\/diariodocomercio.com.br\/mix\/wp-json\/wp\/v2\/posts\/43448\/revisions"}],"predecessor-version":[{"id":43451,"href":"https:\/\/diariodocomercio.com.br\/mix\/wp-json\/wp\/v2\/posts\/43448\/revisions\/43451"}],"wp:featuredmedia":[{"embeddable":true,"href":"https:\/\/diariodocomercio.com.br\/mix\/wp-json\/wp\/v2\/media\/41880"}],"wp:attachment":[{"href":"https:\/\/diariodocomercio.com.br\/mix\/wp-json\/wp\/v2\/media?parent=43448"}],"wp:term":[{"taxonomy":"category","embeddable":true,"href":"https:\/\/diariodocomercio.com.br\/mix\/wp-json\/wp\/v2\/categories?post=43448"},{"taxonomy":"post_tag","embeddable":true,"href":"https:\/\/diariodocomercio.com.br\/mix\/wp-json\/wp\/v2\/tags?post=43448"}],"curies":[{"name":"wp","href":"https:\/\/api.w.org\/{rel}","templated":true}]}}