{"id":43452,"date":"2026-04-28T17:33:00","date_gmt":"2026-04-28T20:33:00","guid":{"rendered":"https:\/\/diariodocomercio.com.br\/mix\/?p=43452"},"modified":"2026-04-28T16:39:32","modified_gmt":"2026-04-28T19:39:32","slug":"auxilio-no-brasil-pode-ser-cancelado-para-quem-nao-agir-ate-quinta-feira-30","status":"publish","type":"post","link":"https:\/\/diariodocomercio.com.br\/mix\/auxilio-no-brasil-pode-ser-cancelado-para-quem-nao-agir-ate-quinta-feira-30\/","title":{"rendered":"Aux\u00edlio no Brasil pode ser cancelado para quem n\u00e3o agir at\u00e9 quinta-feira (30)"},"content":{"rendered":"\n<p>Os estudantes que pretendem participar do Exame Nacional do Ensino M\u00e9dio 2026 e desejam obter isen\u00e7\u00e3o da taxa de inscri\u00e7\u00e3o precisam ficar atentos: o prazo para solicitar o benef\u00edcio termina \u00e0s 23h59 desta quinta-feira (30). Ap\u00f3s essa data, quem n\u00e3o fizer o pedido poder\u00e1 perder o direito \u00e0 gratuidade e ter\u00e1 que pagar a taxa para realizar o exame.<\/p>\n\n\n\n<p>O procedimento tamb\u00e9m \u00e9 obrigat\u00f3rio para candidatos que conseguiram isen\u00e7\u00e3o no Enem 2025, mas n\u00e3o compareceram \u00e0s provas e desejam solicitar novamente o benef\u00edcio.<\/p>\n\n\n\n<p>A solicita\u00e7\u00e3o deve ser realizada exclusivamente pela P\u00e1gina do Participante, com acesso por meio da conta no portal Gov.br. O processo \u00e9 coordenado pelo Instituto Nacional de Estudos e Pesquisas Educacionais An\u00edsio Teixeira, respons\u00e1vel pela organiza\u00e7\u00e3o do exame.<\/p>\n\n\n\n<p>T\u00eam direito \u00e0 isen\u00e7\u00e3o estudantes que estejam no \u00faltimo ano do ensino m\u00e9dio em escola p\u00fablica em 2026, al\u00e9m de candidatos que cursaram todo o ensino m\u00e9dio em escola p\u00fablica, ou como bolsistas integrais em institui\u00e7\u00f5es privadas, com renda familiar de at\u00e9 um sal\u00e1rio m\u00ednimo e meio por pessoa.<\/p>\n\n\n\n<p>Tamb\u00e9m podem solicitar o benef\u00edcio inscritos no Cadastro \u00danico (Cad\u00danico) e participantes de programas sociais, como o P\u00e9-de-Meia. No entanto, a falta de atualiza\u00e7\u00e3o dos dados no sistema pode levar ao indeferimento do pedido.<\/p>\n\n\n\n<h2 class=\"wp-block-heading\"><strong>Resultado sai em maio e exige acompanhamento do candidato<\/strong><\/h2>\n\n\n\n<p>De acordo com o cronograma oficial, o resultado dos pedidos ser\u00e1 divulgado no dia 13 de maio. Candidatos que tiverem a solicita\u00e7\u00e3o negada poder\u00e3o entrar com recurso entre os dias 13 e 19 de maio, com resultado final previsto para 25 de maio.<\/p>\n\n\n\n<p>O Inep refor\u00e7a que n\u00e3o envia comunicados por correspond\u00eancia. Por isso, \u00e9 responsabilidade do participante acompanhar todas as etapas diretamente na plataforma oficial.<\/p>\n\n\n\n<h2 class=\"wp-block-heading\"><strong>Enem \u00e9 principal porta de entrada para o ensino superior<\/strong><\/h2>\n\n\n\n<p>O exame \u00e9 considerado a principal forma de acesso ao ensino superior no pa\u00eds, sendo utilizado em programas como Sistema de Sele\u00e7\u00e3o Unificada, Programa Universidade para Todos e Fundo de Financiamento Estudantil.<\/p>\n\n\n\n<p>Al\u00e9m disso, a nota tamb\u00e9m pode ser usada para ingresso em institui\u00e7\u00f5es estrangeiras e, desde 2025, para certifica\u00e7\u00e3o do ensino m\u00e9dio em alguns casos.<\/p>\n\n\n\n<p>Mesmo com a isen\u00e7\u00e3o aprovada, os candidatos precisar\u00e3o realizar a inscri\u00e7\u00e3o no Enem 2026 dentro do prazo que ser\u00e1 divulgado em edital futuro. Aqueles que n\u00e3o solicitarem ou n\u00e3o obtiverem a gratuidade dever\u00e3o pagar a taxa para garantir participa\u00e7\u00e3o no exame.<\/p>\n","protected":false},"excerpt":{"rendered":"<p>Os estudantes que pretendem participar do Exame Nacional do Ensino M\u00e9dio 2026 e desejam obter isen\u00e7\u00e3o da taxa de inscri\u00e7\u00e3o precisam ficar atentos: o prazo para solicitar o benef\u00edcio termina \u00e0s 23h59 desta quinta-feira (30). Ap\u00f3s essa data, quem n\u00e3o fizer o pedido poder\u00e1 perder o direito \u00e0 gratuidade e ter\u00e1 que pagar a taxa [&hellip;]<\/p>\n","protected":false},"author":9,"featured_media":9848,"comment_status":"closed","ping_status":"closed","sticky":false,"template":"","format":"standard","meta":{"jnews-multi-image_gallery":[],"jnews_single_post":{"format":"standard"},"jnews_primary_category":[],"jnews_social_meta":[],"jnews_override_counter":[],"jnews_post_split":[],"footnotes":""},"categories":[1],"tags":[],"class_list":["post-43452","post","type-post","status-publish","format-standard","has-post-thumbnail","hentry","category-geral"],"_referencia":"","_links":{"self":[{"href":"https:\/\/diariodocomercio.com.br\/mix\/wp-json\/wp\/v2\/posts\/43452","targetHints":{"allow":["GET"]}}],"collection":[{"href":"https:\/\/diariodocomercio.com.br\/mix\/wp-json\/wp\/v2\/posts"}],"about":[{"href":"https:\/\/diariodocomercio.com.br\/mix\/wp-json\/wp\/v2\/types\/post"}],"author":[{"embeddable":true,"href":"https:\/\/diariodocomercio.com.br\/mix\/wp-json\/wp\/v2\/users\/9"}],"replies":[{"embeddable":true,"href":"https:\/\/diariodocomercio.com.br\/mix\/wp-json\/wp\/v2\/comments?post=43452"}],"version-history":[{"count":1,"href":"https:\/\/diariodocomercio.com.br\/mix\/wp-json\/wp\/v2\/posts\/43452\/revisions"}],"predecessor-version":[{"id":43453,"href":"https:\/\/diariodocomercio.com.br\/mix\/wp-json\/wp\/v2\/posts\/43452\/revisions\/43453"}],"wp:featuredmedia":[{"embeddable":true,"href":"https:\/\/diariodocomercio.com.br\/mix\/wp-json\/wp\/v2\/media\/9848"}],"wp:attachment":[{"href":"https:\/\/diariodocomercio.com.br\/mix\/wp-json\/wp\/v2\/media?parent=43452"}],"wp:term":[{"taxonomy":"category","embeddable":true,"href":"https:\/\/diariodocomercio.com.br\/mix\/wp-json\/wp\/v2\/categories?post=43452"},{"taxonomy":"post_tag","embeddable":true,"href":"https:\/\/diariodocomercio.com.br\/mix\/wp-json\/wp\/v2\/tags?post=43452"}],"curies":[{"name":"wp","href":"https:\/\/api.w.org\/{rel}","templated":true}]}}